{"id":1829,"date":"2016-02-04T19:05:14","date_gmt":"2016-02-04T17:05:14","guid":{"rendered":"http:\/\/protectie-electromagnetica.ro\/?p=1829"},"modified":"2016-02-04T19:05:14","modified_gmt":"2016-02-04T17:05:14","slug":"apc-pem-tabu","status":"publish","type":"post","link":"https:\/\/protectie-electromagnetica.ro\/cmo\/apc-pem-tabu\/","title":{"rendered":"Poluarea electromagnetic\u0103 \u2212 sf\u00e2r\u015fitul unui tabu?"},"content":{"rendered":"<p>\u00cen data de 29 ianuarie 2015, a fost adoptat\u0103 \u00een Fran\u0163a <a href=\"http:\/\/www.vie-publique.fr\/actualite\/panorama\/texte-discussion\/proposition-loi-relative-sobriete-transparence-concertation-matiere-exposition-aux-ondes-electromagnetiques.html\" target=\"_blank\" rel=\"noopener noreferrer\">legea cu privire la limitarea expunerii la undele electromagnetice<\/a> (publicat\u0103 oficial \u00een 10 febr. 2015). Este \u00eenceputul recunoa\u015fterii pericolului radio-frecven\u0163elor asupra s\u0103n\u0103t\u0103\u0163ii.<\/p>\n<!--more-->\n\n\n<p>Legea prevede reguli mai stricte privind publicitatea \u00een domeniul telefoniei mobile \u015fi a celorlalte tehnologii f\u0103r\u0103 fir: a fost interzis\u0103 recomandarea \u015fi v\u00e2nzarea unui telefon mobil copiilor sub 14 ani. \u00cen plus, toate reclamele despre telefoanele mobile trebuie s\u0103 recomande utilizarea c\u0103\u015ftilor. A fost interzis\u0103 utilizarea re\u0163elelor WiFi \u00cen loca\u0163iile destinate activit\u0103\u0163ilor pentru copii mai mici de trei ani, iar \u00een \u015fcoli sunt permise doar \u00een spa\u0163ii dedicate activit\u0103\u0163ilor legate de tehnologia informa\u0163iei.<\/p>\n\n<p>Recomand\u0103rile din aceast\u0103 lege sunt bazate \u015fi pe <a href=\"http:\/\/oem.bmj.com\/content\/early\/2014\/05\/09\/oemed-2013-101754\" target=\"_blank\" rel=\"noopener noreferrer\">studiul<\/a> Institutului Na\u0163ional de S\u0103n\u0103tate \u015fi Cercetare Medical\u0103, din Bordeaux, publicat \u00een mai 2014, care confirm\u0103 leg\u0103tura dintre utilizarea intensiv\u0103 a telefonului mobil \u015fi apari\u0163ia tumorilor cerebrale.<\/p>\n\n<p>Dar unde \u00eencepe &bdquo;utilizarea intensiv\u0103&rdquo;? \u015ei pentru care tip de utilizatori? R\u0103spunsurile sunt &icirc;ngrijor\u0103toare&#8230; Rezultatele acestui studiu arat\u0103 c\u0103 <em>&bdquo;utilizarea masiv\u0103 a telefonului mobil peste 896 de ore pe perioada unei vie\u0163i este asociat\u0103 cu dezvoltarea tumorilor cerebrale&rdquo;<\/em>. Riscul &icirc;ncepe s\u0103 fie concludent pentru un adult, din moment ce utilizeaz\u0103 telefonul mai mult de 15 ore pe lun\u0103, timp de 24 de ani. La prima vedere, 24 de ani pare o durat\u0103 pu\u0163in alarmant\u0103. Dac\u0103 facem &icirc;ns\u0103 un mic calcul, vedem c\u0103 un dispecer dintr-un centru de apel sau oricare manager care vorbe\u015fte 4-5 ore pe zi, ajunge la acest plafon critic de 15 h\/lun\u0103 doar &icirc;n trei zile. Matematic, ar rezulta un poten\u0163ial risc de Alzheimer dup\u0103 doar doi ani \u015fi jum\u0103tate, de\u015fi, bine&icirc;n\u0163eles, biologia nu se supune doar unor reguli statistice.<\/p>\n\n<p><a href=\"http:\/\/www.apc-romania.ro\/vault\/upload\/galleries\/costel_stanciu.jpg\"><img loading=\"lazy\" decoding=\"async\" style=\"float: left; padding-right: 10px;\" src=\"http:\/\/www.apc-romania.ro\/vault\/upload\/galleries\/costel_stanciu.jpg\" alt=\"costel_stanciu\" width=\"100\" height=\"122\" \/><\/a>Eviden\u0163iez &icirc;ns\u0103 c\u0103 acestea sunt estim\u0103rile pentru un adult. &ldquo;<em>Se pune deci &icirc;ntrebarea: noua genera\u0163ie, care a &icirc;nceput foarte devreme utilizarea telefonului mobil, cu c&acirc;t este mai expus\u0103? \u015ei apoi, s\u0103 nu trecem cu vederea c\u0103 acest studiu a luat &icirc;n considerare doar un singur factor poluant: telefonul mobil. Dar mai sunt \u015fi alte surse de poluare electromagnetic\u0103 care emit &icirc;n permanen\u0163\u0103: antenele GSM, routerele Wi-Fi, sta\u0163iile de telefonie fix\u0103 DECT, etc<\/em>.&rdquo;,<br \/> declar\u0103 Conf. univ. dr. Costel Stanciu, pre\u015fedinte al APC Rom&acirc;nia.<\/p>\n\n<p>Printre cei mai activi cercet\u0103tori &icirc;n recunoa\u015fterea pericolului cauzat de utilizarea intensiv\u0103 \u015fi nereglementat\u0103 a acestor tehnologii se afl\u0103 renumitul doctor cancerolog francez Dominique Belpomme, pre\u015fedinte al <a href=\"http:\/\/www.artac.info\" target=\"_blank\" rel=\"noopener noreferrer\">ARTAC<\/a> (Asocia\u0163ia pentru Cercetare Terapeutic\u0103 Anti-Cancer). Acesta afirm\u0103 r\u0103spicat c\u0103 suntem &icirc;n fa\u0163a unei <em>&bdquo;neg\u0103ri a realit\u0103\u0163ii \u015ftiin\u0163ifice&rdquo;<\/em> care ne conduce direct la o viitoare <em>&bdquo;catastrof\u0103 medical\u0103&rdquo;<\/em>.<\/p>\n<p>&Icirc;ncep&acirc;nd cu anul 2008, D. Belpomme a investigat clinic peste 1200 persoane afectate de electro-hipersensibilitate (ElectroHyperSensitivity&nbsp; &#8211; EHS), cel mai mare num\u0103r de cazuri studiate la nivel mondial p&acirc;n\u0103 &icirc;n prezent. La 71 de ani, dup\u0103 40 de ani de medicin\u0103, experien\u0163a sa \u015ftiin\u0163ific\u0103 &icirc;n acest domeniu &icirc;l face s\u0103 afirme c\u0103: <em>&bdquo;utilizarea telefonului mobil peste 20 de minute pe zi va duce pe termen lung la apari\u0163ia bolii Alzheimer&rdquo;<\/em> \u015fi <em>&bdquo;Cel mai mare risc ast\u0103zi nu este cancerul, ci distrugerea celulelor neuronale care provoac\u0103 apari\u0163ia bolii Alzheimer. Cei mai tineri sunt foarte vulnerabili, c\u0103ci utilizeaz\u0103 intensiv telefoanele, iar creierul lor nu este matur dec&acirc;t dup\u0103 v&acirc;rsta de 15 ani. Consult astazi tineri care prezint\u0103 simptome de confuzie mental\u0103 tip pre-Alzheimer, care pot degenera &icirc;n demen\u0163\u0103, deficit de memorie imediat\u0103, de concentrare, dezorientare spa\u0163io-temporal\u0103. Propun restric\u0163ii &icirc;n utilizarea telefoanelor mobile la tinerii sub 15 ani \u015fi prevenirea mamelor s\u0103 &icirc;ndep\u0103rteze la maxim telefoanele de nou-n\u0103scu\u0163i. Am constatat, de asemenea, prin num\u0103rul consulta\u0163iilor, c\u0103 femeile sunt de dou\u0103 ori mai sensibile la radia\u0163iile electromagnetice.&#8221; <\/em><br \/>(Sursa: <a href=\"http:\/\/www.parismatch.com\/Actu\/Environnement\/Deja-l-onde-de-choc-personnes-electrosensibles-aux-ondes-des-portables-d-Internet-de-Bluethooth-707892\" target=\"_blank\" rel=\"noopener noreferrer\">D\u00c9J\u00c0 L\u2019ONDE DE CHOC &#8211; www.parismatch.com<\/a>).&#8221;<\/p>\n<p>Simptomele datorate expunerii la c&acirc;mpurile electromagnetice emise de tehnologiilor f\u0103r\u0103 fir sunt foarte variate: migrene, probleme digestive, dureri articulare, oboseal\u0103 cronic\u0103, confuzie, deficit de aten\u0163ie, deficit de memorie. Aceste afec\u0163iuni sunt reunite sub denumirea de electro-hipersensibilitate (EHS) \u015fi sunt dificil de diagnosticat, dar sunt prezente la 1% p&acirc;n\u0103 la 10% din popula\u0163ie. Se estimeaz\u0103 un procent de 25% p&acirc;n\u0103 la sf&acirc;r\u015fitul secolului.<\/p>\n<p>Testele biologice puse la punct de echipa dr. Belpomme nu las\u0103 nici o &icirc;ndoial\u0103. &Icirc;n 90% din cazuri, a depistat la pacien\u0163ii s\u0103i o vascularizare sc\u0103zut\u0103 a creierului (ce duce la o lips\u0103 de oxigenare), o cre\u015ftere a nivelului de histamin\u0103 (indicator al alergiilor \u015fi al sc\u0103derii imunit\u0103\u0163ii), deschiderea barierei hemato-encefalice, o sc\u0103dere a producerii de melatonin\u0103 (&ldquo;hormonul somnului&rdquo;). Aceste rezultate au fost confirmate \u015fi &icirc;n laborator pe cobai.<\/p>\n<p>Rezultatul acestor studii a fost publicat &icirc;n noiembrie 2015 sub egida ARTAC: <a href=\"http:\/\/www.degruyter.com\/view\/j\/reveh.2015.30.issue-4\/reveh-2015-0027\/reveh-2015-0027.xml?format=INT\" target=\"_blank\" rel=\"noopener noreferrer\">Biomarkeri ce caracterizeaz\u0103 \u015fi identific\u0103 &icirc;n mod cert electro-hipersensibilitatea \u015fi sensibilitate multipl\u0103 la agen\u0163i chimici ca fiind dou\u0103 aspecte etiopatogenice ale aceleia\u015fi st\u0103ri patologice<\/a>. Acest studiu este extrem de important pentru c\u0103 eviden\u0163iaz\u0103 pentru prima dat\u0103 existen\u0163a unor biomarkeri cer\u0163i pentru diagnosticarea electro-hipersensibilit\u0103\u0163ii \u015fi constituie un prim pas &icirc;n recunoa\u015fterea &icirc;n mod oficial a acestei afec\u0163iuni la nivel mondial, de c\u0103tre OMS \u015fi organismele de s\u0103n\u0103tate abilitate din toate \u0163\u0103rile.<\/p>\n<p>Pacien\u0163ilor diagnostica\u0163i ca fiind electro-hipersensibili, dr. Belpomme le recomand\u0103 un tratament antihistaminic, antioxidant \u015fi o vitamino-terapie intensiv\u0103 pentru o revascularizare a creierului, pentru a se putea reintegra par\u0163ial &icirc;n via\u0163a cotidian\u0103, cu condi\u0163ia unei utiliz\u0103ri foarte precaute a tehnologiilor f\u0103r\u0103 fir.<\/p>\n<p>Sub impulsul acestor semnale de alarm\u0103, sunt \u0163\u0103ri care au luat deja m\u0103suri de reducere a polu\u0103rii electromagnetice la nivel na\u0163ional. Dac\u0103 &icirc;n Fran\u0163a, precum \u015fi &icirc;n Rom&acirc;nia, normele de emisie a antenelor de telefonie mobil\u0103 sunt fixate la 41 V\/m, &icirc;n alte \u0163\u0103ri precum Rusia, Austria, China, Belgia, Luxemburg, Polonia, Grecia, s-au luat m\u0103suri pentru diminuarea acestor valori la 0,3 sau 0,6 V\/m, adic\u0103 de 100 ori mai mici.<\/p>\n\n<p><img decoding=\"async\" style=\"float: right; padding-left: 10px;\" src=\"http:\/\/protectie-electromagnetica.ro\/cmo\/wp-content\/uploads\/2016\/01\/ciprian-ene.jpg\" width=\"100\" \/><em>&#8222;Poluarea electromagnetic\u0103, &icirc;n special cea generat\u0103 de re\u0163elele GSM \/ Wi-Fi, reprezint\u0103 la ora actual\u0103 cea mai mare agresiune asupra organismului uman. Sunt necesare m\u0103suri de protec\u0163ie imediate.&#8221;<\/em><br \/>Dr. Ciprian Ene, medic chirurgie general\u0103, Specializare &icirc;n medicin\u0103 bio-informa\u0163ional\u0103, Membru fondator al Ordinului Practicienilor de Medicin\u0103 Complementar\u0103 \/ Alternativ\u0103, Bucure\u015fti.<\/p>\n\n<p><img decoding=\"async\" style=\"float: right; padding-left: 10px;\" src=\"http:\/\/protectie-electromagnetica.ro\/cmo\/wp-content\/uploads\/2016\/01\/andrei-dragulinescu.jpg\" width=\"100\"\/><em>&#8222;Este imperativ s\u0103 dob&acirc;ndim mult mai mult\u0103 &icirc;n\u0163elepciune &icirc;n a c&acirc;nt\u0103ri nevoile conflictuale ale celor care doresc s\u0103 beneficieze de astfel de servicii \u015fi ale celor care nu vor s\u0103 tr\u0103iasc\u0103 &icirc;n vecin\u0103tatea acestor infrastructuri, \u015fi s\u0103 c\u0103ut\u0103m solu\u0163ii.&#8221;<\/em><br \/> Lector univ. dr. ing. Andrei Dr\u0103gulinescu, Facultatea de Electronic\u0103, Telecomunica\u0163ii \u015fi Tehnologiei Informa\u0163iei, Universitatea Politehnica Bucure\u015fti.<\/p>\n\n<p><img decoding=\"async\" style=\"float: right; padding-left: 10px;\" src=\"http:\/\/protectie-electromagnetica.ro\/cmo\/wp-content\/uploads\/2016\/02\/adrian-vornicu.jpg\" width=\"100\" \/><em>&#8222;&Icirc;ntruc&acirc;t discordia studiilor \u015ftiin\u0163ifice men\u0163ine un dubiu permanent, depinde doar de noi s\u0103 aplic\u0103m <strong>Principiul <em>Precau\u0163iei<\/em><\/strong>, recomandat de UNESCO &icirc;nc\u0103 din 2005, singurul garant eficace al unei s\u0103n\u0103t\u0103\u0163i optime la nivel global \u015fi personal.&#8221;<\/em><br \/> Adrian Vornicu, specialist Bioelectronica Vincent.<\/p>\n\n<p>Toate aceste informa\u0163ii ar trebui s\u0103 determine \u015fi &icirc;n Rom&acirc;nia aplicarea la nivel na\u0163ional a <em>&bdquo;Principiului Precau\u0163iei&rdquo;<\/em>, recomandat de UNESCO &icirc;nc\u0103 din 2005, care poate fi invocat atunci c&acirc;nd un fenomen, un produs sau un proces poate avea efecte periculoase, identificate printr-o evaluare \u015ftiin\u0163ific\u0103 \u015fi obiectiv\u0103, f\u0103r\u0103 &icirc;ns\u0103 a se putea determina cu suficient\u0103 certitudine gradul riscului. &Icirc;n practic\u0103, domeniul de aplicare al acestui principiu este mult mai amplu \u015fi se aplic\u0103, de asemenea, politicii de protec\u0163ie a consumatorilor, legisla\u0163iei europene privind alimentele, s\u0103n\u0103t\u0103\u0163ii oamenilor, a animalelor \u015fi a plantelor. &Icirc;n acest sens, este elocvent\u0103 atitudinea vice-ministrului israelian al s\u0103n\u0103t\u0103\u0163ii, Yaakov Litzman, care a publicat o scrisoare deschis\u0103 &icirc;n 2013 pentru <a href=\"http:\/\/jssnews.com\/2012\/08\/24\/wi-no\/\" target=\"_blank\" rel=\"noopener noreferrer\">interzicerea utiliz\u0103rii Wi-Fi &icirc;n \u015fcolile publice<\/a>: <em>&#8222;Am reflectat &icirc;ndelung la aceast\u0103 problem\u0103 \u015fi, chiar dac\u0103 nu sunt un specialist &icirc;n domeniu, mi-e team\u0103 c\u0103 va veni ziua c&acirc;nd vom regreta amarnic afec\u0163iunile ireversibile cauzate copiilor no\u015ftri.&#8221;<\/em><\/p>\t\t\t\n","protected":false},"excerpt":{"rendered":"<p>\u00cen data de 29 ianuarie 2015, a fost adoptat\u0103 \u00een Fran\u0163a legea cu privire la limitarea expunerii la undele electromagnetice (publicat\u0103 oficial \u00een 10 febr. 2015). Este \u00eenceputul recunoa\u015fterii pericolului radio-frecven\u0163elor asupra s\u0103n\u0103t\u0103\u0163ii.<\/p>\n","protected":false},"author":2,"featured_media":2858,"comment_status":"closed","ping_status":"closed","sticky":false,"template":"","format":"standard","meta":{"footnotes":""},"categories":[5],"tags":[13,18,30,32,51,61,64,67,69],"class_list":["post-1829","post","type-post","status-publish","format-standard","has-post-thumbnail","hentry","category-poluarea-electromagnetica","tag-alzheimer","tag-artac","tag-dominique-belpomme","tag-ehs","tag-mcs","tag-principiul-precautiei","tag-scoli","tag-telefon-mobil","tag-wifi"],"yoast_head":"<!-- This site is optimized with the Yoast SEO plugin v27.5 - https:\/\/yoast.com\/product\/yoast-seo-wordpress\/ -->\n<title>Poluarea electromagnetic\u0103 \u2212 sf\u00e2r\u015fitul unui tabu? - Protec\u021bie electromagnetic\u0103<\/title>\n<meta name=\"robots\" content=\"index, follow, max-snippet:-1, max-image-preview:large, max-video-preview:-1\" \/>\n<link rel=\"canonical\" href=\"https:\/\/protectie-electromagnetica.ro\/cmo\/apc-pem-tabu\/\" \/>\n<meta property=\"og:locale\" content=\"ro_RO\" \/>\n<meta property=\"og:type\" content=\"article\" \/>\n<meta property=\"og:title\" content=\"Poluarea electromagnetic\u0103 \u2212 sf\u00e2r\u015fitul unui tabu? - Protec\u021bie electromagnetic\u0103\" \/>\n<meta property=\"og:description\" content=\"\u00cen data de 29 ianuarie 2015, a fost adoptat\u0103 \u00een Fran\u0163a legea cu privire la limitarea expunerii la undele electromagnetice (publicat\u0103 oficial \u00een 10 febr. 2015). Este \u00eenceputul recunoa\u015fterii pericolului radio-frecven\u0163elor asupra s\u0103n\u0103t\u0103\u0163ii.\" \/>\n<meta property=\"og:url\" content=\"https:\/\/protectie-electromagnetica.ro\/cmo\/apc-pem-tabu\/\" \/>\n<meta property=\"og:site_name\" content=\"Protec\u021bie electromagnetic\u0103\" \/>\n<meta property=\"article:publisher\" content=\"https:\/\/www.facebook.com\/bioscem\/\" \/>\n<meta property=\"article:published_time\" content=\"2016-02-04T17:05:14+00:00\" \/>\n<meta property=\"og:image\" content=\"https:\/\/protectie-electromagnetica.ro\/cmo\/wp-content\/uploads\/2016\/02\/pem-apc-tabu.jpg\" \/>\n\t<meta property=\"og:image:width\" content=\"900\" \/>\n\t<meta property=\"og:image:height\" content=\"405\" \/>\n\t<meta property=\"og:image:type\" content=\"image\/jpeg\" \/>\n<meta name=\"author\" content=\"Adrian Vornicu\" \/>\n<meta name=\"twitter:card\" content=\"summary_large_image\" \/>\n<meta name=\"twitter:label1\" content=\"Scris de\" \/>\n\t<meta name=\"twitter:data1\" content=\"Adrian Vornicu\" \/>\n\t<meta name=\"twitter:label2\" content=\"Timp estimat pentru citire\" \/>\n\t<meta name=\"twitter:data2\" content=\"7 minute\" \/>\n<script type=\"application\/ld+json\" class=\"yoast-schema-graph\">{\"@context\":\"https:\\\/\\\/schema.org\",\"@graph\":[{\"@type\":\"Article\",\"@id\":\"https:\\\/\\\/protectie-electromagnetica.ro\\\/cmo\\\/apc-pem-tabu\\\/#article\",\"isPartOf\":{\"@id\":\"https:\\\/\\\/protectie-electromagnetica.ro\\\/cmo\\\/apc-pem-tabu\\\/\"},\"author\":{\"name\":\"Adrian Vornicu\",\"@id\":\"https:\\\/\\\/protectie-electromagnetica.ro\\\/cmo\\\/#\\\/schema\\\/person\\\/e87d8239ab11ab9657b4b7dcdd4f5c62\"},\"headline\":\"Poluarea electromagnetic\u0103 \u2212 sf\u00e2r\u015fitul unui tabu?\",\"datePublished\":\"2016-02-04T17:05:14+00:00\",\"mainEntityOfPage\":{\"@id\":\"https:\\\/\\\/protectie-electromagnetica.ro\\\/cmo\\\/apc-pem-tabu\\\/\"},\"wordCount\":1419,\"image\":{\"@id\":\"https:\\\/\\\/protectie-electromagnetica.ro\\\/cmo\\\/apc-pem-tabu\\\/#primaryimage\"},\"thumbnailUrl\":\"https:\\\/\\\/protectie-electromagnetica.ro\\\/cmo\\\/wp-content\\\/uploads\\\/2016\\\/02\\\/pem-apc-tabu.jpg\",\"keywords\":[\"Alzheimer\",\"ARTAC\",\"Dominique Belpomme\",\"EHS\",\"MCS\",\"Principiul Precautiei\",\"Scoli\",\"Telefon mobil\",\"WiFi\"],\"articleSection\":[\"Poluarea Electromagnetic\u0103\"],\"inLanguage\":\"ro-RO\"},{\"@type\":\"WebPage\",\"@id\":\"https:\\\/\\\/protectie-electromagnetica.ro\\\/cmo\\\/apc-pem-tabu\\\/\",\"url\":\"https:\\\/\\\/protectie-electromagnetica.ro\\\/cmo\\\/apc-pem-tabu\\\/\",\"name\":\"Poluarea electromagnetic\u0103 \u2212 sf\u00e2r\u015fitul unui tabu? - Protec\u021bie electromagnetic\u0103\",\"isPartOf\":{\"@id\":\"https:\\\/\\\/protectie-electromagnetica.ro\\\/cmo\\\/#website\"},\"primaryImageOfPage\":{\"@id\":\"https:\\\/\\\/protectie-electromagnetica.ro\\\/cmo\\\/apc-pem-tabu\\\/#primaryimage\"},\"image\":{\"@id\":\"https:\\\/\\\/protectie-electromagnetica.ro\\\/cmo\\\/apc-pem-tabu\\\/#primaryimage\"},\"thumbnailUrl\":\"https:\\\/\\\/protectie-electromagnetica.ro\\\/cmo\\\/wp-content\\\/uploads\\\/2016\\\/02\\\/pem-apc-tabu.jpg\",\"datePublished\":\"2016-02-04T17:05:14+00:00\",\"author\":{\"@id\":\"https:\\\/\\\/protectie-electromagnetica.ro\\\/cmo\\\/#\\\/schema\\\/person\\\/e87d8239ab11ab9657b4b7dcdd4f5c62\"},\"breadcrumb\":{\"@id\":\"https:\\\/\\\/protectie-electromagnetica.ro\\\/cmo\\\/apc-pem-tabu\\\/#breadcrumb\"},\"inLanguage\":\"ro-RO\",\"potentialAction\":[{\"@type\":\"ReadAction\",\"target\":[\"https:\\\/\\\/protectie-electromagnetica.ro\\\/cmo\\\/apc-pem-tabu\\\/\"]}]},{\"@type\":\"ImageObject\",\"inLanguage\":\"ro-RO\",\"@id\":\"https:\\\/\\\/protectie-electromagnetica.ro\\\/cmo\\\/apc-pem-tabu\\\/#primaryimage\",\"url\":\"https:\\\/\\\/protectie-electromagnetica.ro\\\/cmo\\\/wp-content\\\/uploads\\\/2016\\\/02\\\/pem-apc-tabu.jpg\",\"contentUrl\":\"https:\\\/\\\/protectie-electromagnetica.ro\\\/cmo\\\/wp-content\\\/uploads\\\/2016\\\/02\\\/pem-apc-tabu.jpg\",\"width\":900,\"height\":405},{\"@type\":\"BreadcrumbList\",\"@id\":\"https:\\\/\\\/protectie-electromagnetica.ro\\\/cmo\\\/apc-pem-tabu\\\/#breadcrumb\",\"itemListElement\":[{\"@type\":\"ListItem\",\"position\":1,\"name\":\"Prima pagin\u0103\",\"item\":\"https:\\\/\\\/protectie-electromagnetica.ro\\\/cmo\\\/\"},{\"@type\":\"ListItem\",\"position\":2,\"name\":\"Poluarea electromagnetic\u0103 \u2212 sf\u00e2r\u015fitul unui tabu?\"}]},{\"@type\":\"WebSite\",\"@id\":\"https:\\\/\\\/protectie-electromagnetica.ro\\\/cmo\\\/#website\",\"url\":\"https:\\\/\\\/protectie-electromagnetica.ro\\\/cmo\\\/\",\"name\":\"Protec\u021bie electromagnetic\u0103\",\"description\":\"Protectie Electromagnetica cu dispozitive bio-compatibile CMO (Oscilator Magnetic de Compensare) cu validare stiintifica\",\"potentialAction\":[{\"@type\":\"SearchAction\",\"target\":{\"@type\":\"EntryPoint\",\"urlTemplate\":\"https:\\\/\\\/protectie-electromagnetica.ro\\\/cmo\\\/?s={search_term_string}\"},\"query-input\":{\"@type\":\"PropertyValueSpecification\",\"valueRequired\":true,\"valueName\":\"search_term_string\"}}],\"inLanguage\":\"ro-RO\"},{\"@type\":\"Person\",\"@id\":\"https:\\\/\\\/protectie-electromagnetica.ro\\\/cmo\\\/#\\\/schema\\\/person\\\/e87d8239ab11ab9657b4b7dcdd4f5c62\",\"name\":\"Adrian Vornicu\",\"url\":\"https:\\\/\\\/protectie-electromagnetica.ro\\\/cmo\\\/author\\\/darius\\\/\"}]}<\/script>\n<!-- \/ Yoast SEO plugin. -->","yoast_head_json":{"title":"Poluarea electromagnetic\u0103 \u2212 sf\u00e2r\u015fitul unui tabu? - Protec\u021bie electromagnetic\u0103","robots":{"index":"index","follow":"follow","max-snippet":"max-snippet:-1","max-image-preview":"max-image-preview:large","max-video-preview":"max-video-preview:-1"},"canonical":"https:\/\/protectie-electromagnetica.ro\/cmo\/apc-pem-tabu\/","og_locale":"ro_RO","og_type":"article","og_title":"Poluarea electromagnetic\u0103 \u2212 sf\u00e2r\u015fitul unui tabu? - Protec\u021bie electromagnetic\u0103","og_description":"\u00cen data de 29 ianuarie 2015, a fost adoptat\u0103 \u00een Fran\u0163a legea cu privire la limitarea expunerii la undele electromagnetice (publicat\u0103 oficial \u00een 10 febr. 2015). Este \u00eenceputul recunoa\u015fterii pericolului radio-frecven\u0163elor asupra s\u0103n\u0103t\u0103\u0163ii.","og_url":"https:\/\/protectie-electromagnetica.ro\/cmo\/apc-pem-tabu\/","og_site_name":"Protec\u021bie electromagnetic\u0103","article_publisher":"https:\/\/www.facebook.com\/bioscem\/","article_published_time":"2016-02-04T17:05:14+00:00","og_image":[{"width":900,"height":405,"url":"https:\/\/protectie-electromagnetica.ro\/cmo\/wp-content\/uploads\/2016\/02\/pem-apc-tabu.jpg","type":"image\/jpeg"}],"author":"Adrian Vornicu","twitter_card":"summary_large_image","twitter_misc":{"Scris de":"Adrian Vornicu","Timp estimat pentru citire":"7 minute"},"schema":{"@context":"https:\/\/schema.org","@graph":[{"@type":"Article","@id":"https:\/\/protectie-electromagnetica.ro\/cmo\/apc-pem-tabu\/#article","isPartOf":{"@id":"https:\/\/protectie-electromagnetica.ro\/cmo\/apc-pem-tabu\/"},"author":{"name":"Adrian Vornicu","@id":"https:\/\/protectie-electromagnetica.ro\/cmo\/#\/schema\/person\/e87d8239ab11ab9657b4b7dcdd4f5c62"},"headline":"Poluarea electromagnetic\u0103 \u2212 sf\u00e2r\u015fitul unui tabu?","datePublished":"2016-02-04T17:05:14+00:00","mainEntityOfPage":{"@id":"https:\/\/protectie-electromagnetica.ro\/cmo\/apc-pem-tabu\/"},"wordCount":1419,"image":{"@id":"https:\/\/protectie-electromagnetica.ro\/cmo\/apc-pem-tabu\/#primaryimage"},"thumbnailUrl":"https:\/\/protectie-electromagnetica.ro\/cmo\/wp-content\/uploads\/2016\/02\/pem-apc-tabu.jpg","keywords":["Alzheimer","ARTAC","Dominique Belpomme","EHS","MCS","Principiul Precautiei","Scoli","Telefon mobil","WiFi"],"articleSection":["Poluarea Electromagnetic\u0103"],"inLanguage":"ro-RO"},{"@type":"WebPage","@id":"https:\/\/protectie-electromagnetica.ro\/cmo\/apc-pem-tabu\/","url":"https:\/\/protectie-electromagnetica.ro\/cmo\/apc-pem-tabu\/","name":"Poluarea electromagnetic\u0103 \u2212 sf\u00e2r\u015fitul unui tabu? - Protec\u021bie electromagnetic\u0103","isPartOf":{"@id":"https:\/\/protectie-electromagnetica.ro\/cmo\/#website"},"primaryImageOfPage":{"@id":"https:\/\/protectie-electromagnetica.ro\/cmo\/apc-pem-tabu\/#primaryimage"},"image":{"@id":"https:\/\/protectie-electromagnetica.ro\/cmo\/apc-pem-tabu\/#primaryimage"},"thumbnailUrl":"https:\/\/protectie-electromagnetica.ro\/cmo\/wp-content\/uploads\/2016\/02\/pem-apc-tabu.jpg","datePublished":"2016-02-04T17:05:14+00:00","author":{"@id":"https:\/\/protectie-electromagnetica.ro\/cmo\/#\/schema\/person\/e87d8239ab11ab9657b4b7dcdd4f5c62"},"breadcrumb":{"@id":"https:\/\/protectie-electromagnetica.ro\/cmo\/apc-pem-tabu\/#breadcrumb"},"inLanguage":"ro-RO","potentialAction":[{"@type":"ReadAction","target":["https:\/\/protectie-electromagnetica.ro\/cmo\/apc-pem-tabu\/"]}]},{"@type":"ImageObject","inLanguage":"ro-RO","@id":"https:\/\/protectie-electromagnetica.ro\/cmo\/apc-pem-tabu\/#primaryimage","url":"https:\/\/protectie-electromagnetica.ro\/cmo\/wp-content\/uploads\/2016\/02\/pem-apc-tabu.jpg","contentUrl":"https:\/\/protectie-electromagnetica.ro\/cmo\/wp-content\/uploads\/2016\/02\/pem-apc-tabu.jpg","width":900,"height":405},{"@type":"BreadcrumbList","@id":"https:\/\/protectie-electromagnetica.ro\/cmo\/apc-pem-tabu\/#breadcrumb","itemListElement":[{"@type":"ListItem","position":1,"name":"Prima pagin\u0103","item":"https:\/\/protectie-electromagnetica.ro\/cmo\/"},{"@type":"ListItem","position":2,"name":"Poluarea electromagnetic\u0103 \u2212 sf\u00e2r\u015fitul unui tabu?"}]},{"@type":"WebSite","@id":"https:\/\/protectie-electromagnetica.ro\/cmo\/#website","url":"https:\/\/protectie-electromagnetica.ro\/cmo\/","name":"Protec\u021bie electromagnetic\u0103","description":"Protectie Electromagnetica cu dispozitive bio-compatibile CMO (Oscilator Magnetic de Compensare) cu validare stiintifica","potentialAction":[{"@type":"SearchAction","target":{"@type":"EntryPoint","urlTemplate":"https:\/\/protectie-electromagnetica.ro\/cmo\/?s={search_term_string}"},"query-input":{"@type":"PropertyValueSpecification","valueRequired":true,"valueName":"search_term_string"}}],"inLanguage":"ro-RO"},{"@type":"Person","@id":"https:\/\/protectie-electromagnetica.ro\/cmo\/#\/schema\/person\/e87d8239ab11ab9657b4b7dcdd4f5c62","name":"Adrian Vornicu","url":"https:\/\/protectie-electromagnetica.ro\/cmo\/author\/darius\/"}]}},"_links":{"self":[{"href":"https:\/\/protectie-electromagnetica.ro\/cmo\/wp-json\/wp\/v2\/posts\/1829","targetHints":{"allow":["GET"]}}],"collection":[{"href":"https:\/\/protectie-electromagnetica.ro\/cmo\/wp-json\/wp\/v2\/posts"}],"about":[{"href":"https:\/\/protectie-electromagnetica.ro\/cmo\/wp-json\/wp\/v2\/types\/post"}],"author":[{"embeddable":true,"href":"https:\/\/protectie-electromagnetica.ro\/cmo\/wp-json\/wp\/v2\/users\/2"}],"replies":[{"embeddable":true,"href":"https:\/\/protectie-electromagnetica.ro\/cmo\/wp-json\/wp\/v2\/comments?post=1829"}],"version-history":[{"count":0,"href":"https:\/\/protectie-electromagnetica.ro\/cmo\/wp-json\/wp\/v2\/posts\/1829\/revisions"}],"wp:featuredmedia":[{"embeddable":true,"href":"https:\/\/protectie-electromagnetica.ro\/cmo\/wp-json\/wp\/v2\/media\/2858"}],"wp:attachment":[{"href":"https:\/\/protectie-electromagnetica.ro\/cmo\/wp-json\/wp\/v2\/media?parent=1829"}],"wp:term":[{"taxonomy":"category","embeddable":true,"href":"https:\/\/protectie-electromagnetica.ro\/cmo\/wp-json\/wp\/v2\/categories?post=1829"},{"taxonomy":"post_tag","embeddable":true,"href":"https:\/\/protectie-electromagnetica.ro\/cmo\/wp-json\/wp\/v2\/tags?post=1829"}],"curies":[{"name":"wp","href":"https:\/\/api.w.org\/{rel}","templated":true}]}}