{"id":3478,"date":"2016-10-28T17:51:56","date_gmt":"2016-10-28T14:51:56","guid":{"rendered":"http:\/\/protectie-electromagnetica.ro\/?p=3478"},"modified":"2024-11-12T08:00:03","modified_gmt":"2024-11-12T06:00:03","slug":"medicina-integrativa","status":"publish","type":"post","link":"https:\/\/protectie-electromagnetica.ro\/cmo\/medicina-integrativa\/","title":{"rendered":"Cursurile de medicin\u0103 integrativ\u0103 2016"},"content":{"rendered":"Sambata, 15 oct, la <b>Cursurile de medicin\u0103 integrativ\u0103<\/b>, Bucuresti.\r\nAm prezentat o expunere pe tematica &#8222;Efectele poluarii electromagentice in Cardiologie&#8221;\r\nAm avut pl\u0103cerea sa discut despre poluarea electromagnetica cu Dr.Jean-Pierre Naim, Directorul Academiei Mondiale de Medicina Anti-Aging si Pre\u0219edintele Societ\u0103\u021bii Elve\u021biene pentru Longevitate, Estetic\u0103 \u0219i Medicina regenerativa (<a href=\"http:\/\/www.medecine-generale-anti-age.ch\/fr\/presentation\" target=\"_blank\" rel=\"noopener noreferrer\">S.S.L.A.R.M.<\/a>)\r\nAm pus bazele unei posibile colaborari in privin\u021ba implement\u0103rii Plasma Quinton si a protec\u021biilor CMO in conceptul Anti-Aging.\r\n\r\n<img loading=\"lazy\" decoding=\"async\" class=\"alignnone size-full wp-image-3479\" src=\"wp-content\/uploads\/2016\/10\/pierre-naim.jpg\" alt=\"pierre-naim\" width=\"222\" height=\"395\" srcset=\"https:\/\/protectie-electromagnetica.ro\/cmo\/wp-content\/uploads\/2016\/10\/pierre-naim.jpg 222w, https:\/\/protectie-electromagnetica.ro\/cmo\/wp-content\/uploads\/2016\/10\/pierre-naim-169x300.jpg 169w\" sizes=\"auto, (max-width: 222px) 100vw, 222px\" \/>","protected":false},"excerpt":{"rendered":"<p>Sambata, 15 oct, la Cursurile de medicin\u0103 integrativ\u0103, Bucuresti. Am prezentat o expunere pe tematica &#8222;Efectele poluarii electromagentice in Cardiologie&#8221; Am avut pl\u0103cerea sa discut despre poluarea electromagnetica cu Dr.Jean-Pierre Naim, Directorul Academiei Mondiale de Medicina Anti-Aging si Pre\u0219edintele Societ\u0103\u021bii Elve\u021biene pentru Longevitate, Estetic\u0103 \u0219i Medicina regenerativa (S.S.L.A.R.M.) Am pus bazele unei posibile colaborari in [&hellip;]<\/p>\n","protected":false},"author":2,"featured_media":0,"comment_status":"closed","ping_status":"closed","sticky":false,"template":"","format":"standard","meta":{"footnotes":""},"categories":[4,5],"tags":[],"class_list":["post-3478","post","type-post","status-publish","format-standard","hentry","category-noutati","category-poluarea-electromagnetica"],"yoast_head":"<!-- This site is optimized with the Yoast SEO plugin v27.5 - https:\/\/yoast.com\/product\/yoast-seo-wordpress\/ -->\n<title>Cursurile de medicin\u0103 integrativ\u0103 2016 - Protec\u021bie electromagnetic\u0103<\/title>\n<meta name=\"robots\" content=\"index, follow, max-snippet:-1, max-image-preview:large, max-video-preview:-1\" \/>\n<link rel=\"canonical\" href=\"https:\/\/protectie-electromagnetica.ro\/cmo\/medicina-integrativa\/\" \/>\n<meta property=\"og:locale\" content=\"ro_RO\" \/>\n<meta property=\"og:type\" content=\"article\" \/>\n<meta property=\"og:title\" content=\"Cursurile de medicin\u0103 integrativ\u0103 2016 - Protec\u021bie electromagnetic\u0103\" \/>\n<meta property=\"og:description\" content=\"Sambata, 15 oct, la Cursurile de medicin\u0103 integrativ\u0103, Bucuresti. Am prezentat o expunere pe tematica &#8222;Efectele poluarii electromagentice in Cardiologie&#8221; Am avut pl\u0103cerea sa discut despre poluarea electromagnetica cu Dr.Jean-Pierre Naim, Directorul Academiei Mondiale de Medicina Anti-Aging si Pre\u0219edintele Societ\u0103\u021bii Elve\u021biene pentru Longevitate, Estetic\u0103 \u0219i Medicina regenerativa (S.S.L.A.R.M.) Am pus bazele unei posibile colaborari in [&hellip;]\" \/>\n<meta property=\"og:url\" content=\"https:\/\/protectie-electromagnetica.ro\/cmo\/medicina-integrativa\/\" \/>\n<meta property=\"og:site_name\" content=\"Protec\u021bie electromagnetic\u0103\" \/>\n<meta property=\"article:publisher\" content=\"https:\/\/www.facebook.com\/bioscem\/\" \/>\n<meta property=\"article:published_time\" content=\"2016-10-28T14:51:56+00:00\" \/>\n<meta property=\"article:modified_time\" content=\"2024-11-12T06:00:03+00:00\" \/>\n<meta name=\"author\" content=\"Adrian Vornicu\" \/>\n<meta name=\"twitter:card\" content=\"summary_large_image\" \/>\n<meta name=\"twitter:label1\" content=\"Scris de\" \/>\n\t<meta name=\"twitter:data1\" content=\"Adrian Vornicu\" \/>\n<script type=\"application\/ld+json\" class=\"yoast-schema-graph\">{\"@context\":\"https:\\\/\\\/schema.org\",\"@graph\":[{\"@type\":\"Article\",\"@id\":\"https:\\\/\\\/protectie-electromagnetica.ro\\\/cmo\\\/medicina-integrativa\\\/#article\",\"isPartOf\":{\"@id\":\"https:\\\/\\\/protectie-electromagnetica.ro\\\/cmo\\\/medicina-integrativa\\\/\"},\"author\":{\"name\":\"Adrian Vornicu\",\"@id\":\"https:\\\/\\\/protectie-electromagnetica.ro\\\/cmo\\\/#\\\/schema\\\/person\\\/e87d8239ab11ab9657b4b7dcdd4f5c62\"},\"headline\":\"Cursurile de medicin\u0103 integrativ\u0103 2016\",\"datePublished\":\"2016-10-28T14:51:56+00:00\",\"dateModified\":\"2024-11-12T06:00:03+00:00\",\"mainEntityOfPage\":{\"@id\":\"https:\\\/\\\/protectie-electromagnetica.ro\\\/cmo\\\/medicina-integrativa\\\/\"},\"wordCount\":82,\"articleSection\":[\"Nout\u0103\u021bi\",\"Poluarea Electromagnetic\u0103\"],\"inLanguage\":\"ro-RO\"},{\"@type\":\"WebPage\",\"@id\":\"https:\\\/\\\/protectie-electromagnetica.ro\\\/cmo\\\/medicina-integrativa\\\/\",\"url\":\"https:\\\/\\\/protectie-electromagnetica.ro\\\/cmo\\\/medicina-integrativa\\\/\",\"name\":\"Cursurile de medicin\u0103 integrativ\u0103 2016 - Protec\u021bie electromagnetic\u0103\",\"isPartOf\":{\"@id\":\"https:\\\/\\\/protectie-electromagnetica.ro\\\/cmo\\\/#website\"},\"datePublished\":\"2016-10-28T14:51:56+00:00\",\"dateModified\":\"2024-11-12T06:00:03+00:00\",\"author\":{\"@id\":\"https:\\\/\\\/protectie-electromagnetica.ro\\\/cmo\\\/#\\\/schema\\\/person\\\/e87d8239ab11ab9657b4b7dcdd4f5c62\"},\"breadcrumb\":{\"@id\":\"https:\\\/\\\/protectie-electromagnetica.ro\\\/cmo\\\/medicina-integrativa\\\/#breadcrumb\"},\"inLanguage\":\"ro-RO\",\"potentialAction\":[{\"@type\":\"ReadAction\",\"target\":[\"https:\\\/\\\/protectie-electromagnetica.ro\\\/cmo\\\/medicina-integrativa\\\/\"]}]},{\"@type\":\"BreadcrumbList\",\"@id\":\"https:\\\/\\\/protectie-electromagnetica.ro\\\/cmo\\\/medicina-integrativa\\\/#breadcrumb\",\"itemListElement\":[{\"@type\":\"ListItem\",\"position\":1,\"name\":\"Prima pagin\u0103\",\"item\":\"https:\\\/\\\/protectie-electromagnetica.ro\\\/cmo\\\/\"},{\"@type\":\"ListItem\",\"position\":2,\"name\":\"Cursurile de medicin\u0103 integrativ\u0103 2016\"}]},{\"@type\":\"WebSite\",\"@id\":\"https:\\\/\\\/protectie-electromagnetica.ro\\\/cmo\\\/#website\",\"url\":\"https:\\\/\\\/protectie-electromagnetica.ro\\\/cmo\\\/\",\"name\":\"Protec\u021bie electromagnetic\u0103\",\"description\":\"Protectie Electromagnetica cu dispozitive bio-compatibile CMO (Oscilator Magnetic de Compensare) cu validare stiintifica\",\"potentialAction\":[{\"@type\":\"SearchAction\",\"target\":{\"@type\":\"EntryPoint\",\"urlTemplate\":\"https:\\\/\\\/protectie-electromagnetica.ro\\\/cmo\\\/?s={search_term_string}\"},\"query-input\":{\"@type\":\"PropertyValueSpecification\",\"valueRequired\":true,\"valueName\":\"search_term_string\"}}],\"inLanguage\":\"ro-RO\"},{\"@type\":\"Person\",\"@id\":\"https:\\\/\\\/protectie-electromagnetica.ro\\\/cmo\\\/#\\\/schema\\\/person\\\/e87d8239ab11ab9657b4b7dcdd4f5c62\",\"name\":\"Adrian Vornicu\",\"url\":\"https:\\\/\\\/protectie-electromagnetica.ro\\\/cmo\\\/author\\\/darius\\\/\"}]}<\/script>\n<!-- \/ Yoast SEO plugin. -->","yoast_head_json":{"title":"Cursurile de medicin\u0103 integrativ\u0103 2016 - Protec\u021bie electromagnetic\u0103","robots":{"index":"index","follow":"follow","max-snippet":"max-snippet:-1","max-image-preview":"max-image-preview:large","max-video-preview":"max-video-preview:-1"},"canonical":"https:\/\/protectie-electromagnetica.ro\/cmo\/medicina-integrativa\/","og_locale":"ro_RO","og_type":"article","og_title":"Cursurile de medicin\u0103 integrativ\u0103 2016 - Protec\u021bie electromagnetic\u0103","og_description":"Sambata, 15 oct, la Cursurile de medicin\u0103 integrativ\u0103, Bucuresti. Am prezentat o expunere pe tematica &#8222;Efectele poluarii electromagentice in Cardiologie&#8221; Am avut pl\u0103cerea sa discut despre poluarea electromagnetica cu Dr.Jean-Pierre Naim, Directorul Academiei Mondiale de Medicina Anti-Aging si Pre\u0219edintele Societ\u0103\u021bii Elve\u021biene pentru Longevitate, Estetic\u0103 \u0219i Medicina regenerativa (S.S.L.A.R.M.) Am pus bazele unei posibile colaborari in [&hellip;]","og_url":"https:\/\/protectie-electromagnetica.ro\/cmo\/medicina-integrativa\/","og_site_name":"Protec\u021bie electromagnetic\u0103","article_publisher":"https:\/\/www.facebook.com\/bioscem\/","article_published_time":"2016-10-28T14:51:56+00:00","article_modified_time":"2024-11-12T06:00:03+00:00","author":"Adrian Vornicu","twitter_card":"summary_large_image","twitter_misc":{"Scris de":"Adrian Vornicu"},"schema":{"@context":"https:\/\/schema.org","@graph":[{"@type":"Article","@id":"https:\/\/protectie-electromagnetica.ro\/cmo\/medicina-integrativa\/#article","isPartOf":{"@id":"https:\/\/protectie-electromagnetica.ro\/cmo\/medicina-integrativa\/"},"author":{"name":"Adrian Vornicu","@id":"https:\/\/protectie-electromagnetica.ro\/cmo\/#\/schema\/person\/e87d8239ab11ab9657b4b7dcdd4f5c62"},"headline":"Cursurile de medicin\u0103 integrativ\u0103 2016","datePublished":"2016-10-28T14:51:56+00:00","dateModified":"2024-11-12T06:00:03+00:00","mainEntityOfPage":{"@id":"https:\/\/protectie-electromagnetica.ro\/cmo\/medicina-integrativa\/"},"wordCount":82,"articleSection":["Nout\u0103\u021bi","Poluarea Electromagnetic\u0103"],"inLanguage":"ro-RO"},{"@type":"WebPage","@id":"https:\/\/protectie-electromagnetica.ro\/cmo\/medicina-integrativa\/","url":"https:\/\/protectie-electromagnetica.ro\/cmo\/medicina-integrativa\/","name":"Cursurile de medicin\u0103 integrativ\u0103 2016 - Protec\u021bie electromagnetic\u0103","isPartOf":{"@id":"https:\/\/protectie-electromagnetica.ro\/cmo\/#website"},"datePublished":"2016-10-28T14:51:56+00:00","dateModified":"2024-11-12T06:00:03+00:00","author":{"@id":"https:\/\/protectie-electromagnetica.ro\/cmo\/#\/schema\/person\/e87d8239ab11ab9657b4b7dcdd4f5c62"},"breadcrumb":{"@id":"https:\/\/protectie-electromagnetica.ro\/cmo\/medicina-integrativa\/#breadcrumb"},"inLanguage":"ro-RO","potentialAction":[{"@type":"ReadAction","target":["https:\/\/protectie-electromagnetica.ro\/cmo\/medicina-integrativa\/"]}]},{"@type":"BreadcrumbList","@id":"https:\/\/protectie-electromagnetica.ro\/cmo\/medicina-integrativa\/#breadcrumb","itemListElement":[{"@type":"ListItem","position":1,"name":"Prima pagin\u0103","item":"https:\/\/protectie-electromagnetica.ro\/cmo\/"},{"@type":"ListItem","position":2,"name":"Cursurile de medicin\u0103 integrativ\u0103 2016"}]},{"@type":"WebSite","@id":"https:\/\/protectie-electromagnetica.ro\/cmo\/#website","url":"https:\/\/protectie-electromagnetica.ro\/cmo\/","name":"Protec\u021bie electromagnetic\u0103","description":"Protectie Electromagnetica cu dispozitive bio-compatibile CMO (Oscilator Magnetic de Compensare) cu validare stiintifica","potentialAction":[{"@type":"SearchAction","target":{"@type":"EntryPoint","urlTemplate":"https:\/\/protectie-electromagnetica.ro\/cmo\/?s={search_term_string}"},"query-input":{"@type":"PropertyValueSpecification","valueRequired":true,"valueName":"search_term_string"}}],"inLanguage":"ro-RO"},{"@type":"Person","@id":"https:\/\/protectie-electromagnetica.ro\/cmo\/#\/schema\/person\/e87d8239ab11ab9657b4b7dcdd4f5c62","name":"Adrian Vornicu","url":"https:\/\/protectie-electromagnetica.ro\/cmo\/author\/darius\/"}]}},"_links":{"self":[{"href":"https:\/\/protectie-electromagnetica.ro\/cmo\/wp-json\/wp\/v2\/posts\/3478","targetHints":{"allow":["GET"]}}],"collection":[{"href":"https:\/\/protectie-electromagnetica.ro\/cmo\/wp-json\/wp\/v2\/posts"}],"about":[{"href":"https:\/\/protectie-electromagnetica.ro\/cmo\/wp-json\/wp\/v2\/types\/post"}],"author":[{"embeddable":true,"href":"https:\/\/protectie-electromagnetica.ro\/cmo\/wp-json\/wp\/v2\/users\/2"}],"replies":[{"embeddable":true,"href":"https:\/\/protectie-electromagnetica.ro\/cmo\/wp-json\/wp\/v2\/comments?post=3478"}],"version-history":[{"count":1,"href":"https:\/\/protectie-electromagnetica.ro\/cmo\/wp-json\/wp\/v2\/posts\/3478\/revisions"}],"predecessor-version":[{"id":5387,"href":"https:\/\/protectie-electromagnetica.ro\/cmo\/wp-json\/wp\/v2\/posts\/3478\/revisions\/5387"}],"wp:attachment":[{"href":"https:\/\/protectie-electromagnetica.ro\/cmo\/wp-json\/wp\/v2\/media?parent=3478"}],"wp:term":[{"taxonomy":"category","embeddable":true,"href":"https:\/\/protectie-electromagnetica.ro\/cmo\/wp-json\/wp\/v2\/categories?post=3478"},{"taxonomy":"post_tag","embeddable":true,"href":"https:\/\/protectie-electromagnetica.ro\/cmo\/wp-json\/wp\/v2\/tags?post=3478"}],"curies":[{"name":"wp","href":"https:\/\/api.w.org\/{rel}","templated":true}]}}