{"id":4386,"date":"2019-01-25T13:15:34","date_gmt":"2019-01-25T11:15:34","guid":{"rendered":"http:\/\/protectie-electromagnetica.ro\/?p=4386"},"modified":"2019-07-14T12:29:53","modified_gmt":"2019-07-14T09:29:53","slug":"tehnologia-5g-inseamna-razboi-impotriva-umanitatii","status":"publish","type":"post","link":"https:\/\/protectie-electromagnetica.ro\/cmo\/tehnologia-5g-inseamna-razboi-impotriva-umanitatii\/","title":{"rendered":"Angajat ONU: Tehnologia 5G inseamna razboi impotriva umanitatii"},"content":{"rendered":"<div dir=\"auto\" style=\"text-align: justify;\"><img decoding=\"async\" class=\"aligncenter\" src=\"..\/wp-content\/uploads\/whitepaper-de-risking-5g-product-development-part2-techniques-to-mitigate-5g-product-development-risk-5992-3010en.jpg\" alt=\"\" \/><\/div>\r\n<div dir=\"auto\">\u00a0<\/div>\r\n<div dir=\"auto\" style=\"text-align: justify;\">Pentru cei care au citit articolele pe care le publicam pe siteul Protec\u021bie-electromagnetica.ro in ultimii ani, aceste vesti nu sunt o surpriza si nici o problema insurmontabila.<\/div>\r\n<div dir=\"auto\" style=\"text-align: justify;\">Ca este vorba de 4, 5 sau 15G problema nu tine de intensitate ci de modul de <a href=\"http:\/\/protectie-electromagnetica.ro\/manifestul-electrosmogului-5\/\">transmisie pulsat<\/a>\u00a0care creeaz\u0103 un efect stroboscopic la nivel celular (pic\u0103tura chinezeasca).\u00a0<\/div>\r\n<!--more-->\r\n<div dir=\"auto\" style=\"text-align: justify;\">Solu\u021bia este a\u0219adar anularea acestui efect pulsat dat de transmisiile TDMA\/FDMA printr-un &#8222;convertor AC\/DC&#8221; la nivel de frecvente, descoperire f\u0103cut\u0103 de un comitet prestigios de savan\u021bi la\u00a0<a href=\"http:\/\/protec\u021bie-electromagnetica.ro\/cercet\u0103tori-cmo\/\">\u00eenceputul anilor 90<\/a>.<\/div>\r\n<div dir=\"auto\" style=\"text-align: justify;\">Acest concept se nume\u0219te <strong>CMO<\/strong>: <strong>Oscilator Magnetic de Compensare<\/strong>.<\/div>\r\n<div dir=\"auto\" style=\"text-align: justify;\">Aceste informa\u021bii le ave\u021bi pe larg explicate in\u00a0 <a href=\"http:\/\/protectie-electromagnetica.ro\/category\/manifestul-electrosmogului\/\">Manifestul Electrosmogului.<\/a><\/div>\r\n<div dir=\"auto\" style=\"text-align: justify;\">\u00a0<\/div>\r\n<div dir=\"auto\" style=\"text-align: justify;\">Situa\u021bia tine de evoluarea perspicacit\u0103\u021bii la nivelul publicului larg: radia\u021biile GSM\/WiFi sunt in categoria 2B &#8211; posibil cancerigene- precum plumbul.<\/div>\r\n<div dir=\"auto\" style=\"text-align: justify;\">Dar, dac\u0103 pentru emisiile cu plumb ale ma\u0219inilor noastre s-a g\u0103sit in timp solu\u021bia unui catalizator, de ce telefoanele noastre nu au \u00eenc\u0103 acela\u0219i lucru? Doar pentru faptul ca radiatiile sunt invizibile? Ei bine, nu este o scuza plauzibila, caci efectele sunt <a href=\"http:\/\/protectie-electromagnetica.ro\/manifestul-electrosmogului-cap-19\/\">foarte vizibile.<\/a><\/div>\r\n<div dir=\"auto\"><!--more--><\/div>\r\n<div dir=\"auto\" style=\"text-align: justify;\">Daca pana acum a te proteja de aceste radia\u021bii a fost optional constat ca prezentul o presupune ca pe o necesitate.\u00a0<\/div>\r\n<div dir=\"auto\" style=\"text-align: justify;\">Va invit sa cititi articolul urmator (Sursa articol: <a href=\"https:\/\/ortodoxinfo.ro\/2019\/01\/23\/video-angajat-onu-tehnologia-5g-inseamna-razboi-impotriva-umanitatii\/\">www.ortodoxinfo.ro<\/a>)<\/div>\r\n<div dir=\"auto\">\u00a0<\/div>\r\n<div dir=\"auto\">\r\n<h3 class=\"post-title entry-title\"><span style=\"font-size: 14pt;\">Angajat ONU: Tehnologia 5G \u00eenseamn\u0103 r\u0103zboi \u00eempotriva umanit\u0103\u021bii<\/span><\/h3>\r\n<h4 class=\"entry-sub-title\"><span style=\"font-size: 12pt;\">Primele opt luni din Cel De-al Dolea R\u0103zboi Mondial au fost f\u0103r\u0103 lupte, fiind numite R\u0103zboiul Mut. Folosirea undelor milimetrice din cadrul celei de-a cincea genera\u021bii de tehnologie a comunica\u021biilor, sau 5G, este tot un r\u0103zboi mut, de o alt\u0103 natur\u0103<\/span><\/h4>\r\n<p style=\"text-align: justify;\">Acest r\u0103zboi nev\u0103zut este \u0219i mut, dar de aceast\u0103 dat\u0103 se trag focuri \u2013 sub forma fasciculelor de radia\u021bii electromagnetice (REM), asem\u0103n\u0103toare razelor laser, emise de m\u00e2nunchiuri de mici antene<a href=\"https:\/\/ortodoxinfo.ro\/2019\/01\/23\/video-angajat-onu-tehnologia-5g-inseamna-razboi-impotriva-umanitatii\/#referinta-unu\">[1]<\/a>\u00a0\u2013 \u0219i nimeni dintre cei afla\u021bi \u00een b\u0103taia focului nu \u0219tie c\u0103 este v\u0103t\u0103mat serios, ireparabil \u0219i pe t\u0103cute.<\/p>\r\n<p style=\"text-align: justify;\">\u00centr-o prim\u0103 faz\u0103, 5G \u00eei va face pe oameni electro-hipersensibili<a href=\"https:\/\/ortodoxinfo.ro\/2019\/01\/23\/video-angajat-onu-tehnologia-5g-inseamna-razboi-impotriva-umanitatii\/#referinta-doi\">[2]<\/a>. Probabil faptul c\u0103 am stat \u00een fa\u021ba a dou\u0103 mari ecrane de calculator pentru mai bine de 18 ani c\u00e2t am lucrat pentru ONU m-a f\u0103cut \u0219i pe mine electro-hipersensibil\u0103. Atunci c\u00e2nd Biroul ONU din Viena a instalat, \u00een decembrie 2015, puncte de acces (hotspot) pentru telefonie mobil\u0103 \u0219i WiFi \u2013 menite s\u0103 serveasc\u0103 mari areale publice \u2013 \u00een \u00eengustele coridoare de metal din Centrul Interna\u021bional din Viena, m-am sim\u021bit r\u0103u \u00een continuu pentru urm\u0103toarele \u0219apte luni.<\/p>\r\n<p style=\"text-align: justify;\">Timp de doi ani \u0219i jum\u0103tate am f\u0103cut apoi tot ce mi-a stat \u00een puteri pentru a alerta sindicatul angaja\u021bilor ONU, administra\u021bia \u0219i serviciile medicale despre pericolul pe care radia\u021biile electromagnetice emise de aceste puncte de acces \u00eel reprezint\u0103 pentru s\u0103n\u0103tatea angaja\u021bilor ONU, dar am fost ignorat\u0103. De aceea, \u00een mai 2018, am ridicat problema chiar Secretarului General al ONU, Antonio Guterres (vezi transcript-ul mai jos). Este fizician \u0219i inginer \u00een electricitate, av\u00e2nd \u00een trecut prelegeri despre semnalele de telecomunica\u021bii dar, cu toate acestea, el declar\u0103 c\u0103 nu \u0219tia nimic despre toate acestea. A promis s\u0103 cear\u0103 OMS (Organiza\u021bia Mondial\u0103 a S\u0103n\u0103t\u0103\u021bii \u2013 n.tr.) s\u0103 studieze problema dar, \u0219apte luni mai t\u00e2rziu, acele puncte de acces (hotspot) erau \u00eenc\u0103 la locul lor. Nu am primit niciun r\u0103spuns la foarte multele mail-uri pe care i le-am trimis.<\/p>\r\n<p style=\"text-align: justify;\">Drept urmare, m-am bucurat s\u0103 m\u0103 pot al\u0103tura eforturilor de publicare a unui\u00a0<a href=\"https:\/\/static1.squarespace.com\/static\/5b8dbc1b7c9327d89d9428a4\/t\/5c0ad337f950b7766a640e4d\/1544213310960\/Apel+interna%C5%A3ional+-+Stop+5G+pe+P%C4%83m%C3%A2nt+%C5%9Fi+%C3%AEn+Spa%C5%A3iu.pdf\">Apel Interna\u021bional de Oprire a Emisiilor 5G pe P\u0103m\u00e2nt \u0219i \u00een Spa\u021biu<\/a>\u00a0\u00eentruc\u00e2t \u00eemi era foarte clar c\u0103, \u00een ciuda celor 43 de apeluri \u0219tiin\u021bifice anterioare, foarte pu\u021bin\u0103 lume \u00een\u021belege pericolele radia\u021biilor electromagnetice (REM). Experien\u021ba mea ca redactor ar putea fi de folos pentru a ne putea asigura c\u0103 un nou \u201eapel 5G\u201d, inclusiv privind emiterea de fascicule 5G din spa\u021biu, ar fi redactat clar, cuprinz\u0103tor, explicativ dar accesibil \u0219i celor nespeciali\u0219ti, cit\u00e2nd din peste o sut\u0103 de lucr\u0103ri \u0219tiin\u021bifice dintre zecile de mii publicate \u00een ultimii 80 de ani despre efectele biologice ale REM<a href=\"https:\/\/ortodoxinfo.ro\/2019\/01\/23\/video-angajat-onu-tehnologia-5g-inseamna-razboi-impotriva-umanitatii\/#referinta-trei\">[3]<\/a>.<\/p>\r\n<p style=\"text-align: justify;\">Av\u00e2nd \u00een spate ani de redactare a documentelor ONU privind spa\u021biul cosmic, \u0219tiu c\u0103 acesta este foarte contestat din punct de vedere geopolitic \u0219i c\u0103 orice incident care ar implica un satelit militar ar putea declan\u0219a un r\u0103spuns catastrofal<a href=\"https:\/\/ortodoxinfo.ro\/2019\/01\/23\/video-angajat-onu-tehnologia-5g-inseamna-razboi-impotriva-umanitatii\/#referinta-patru\">[4]<\/a>. Legile privind spa\u021biul sunt at\u00e2t de \u00eencurcate \u2013 un singur exemplu ar putea fi complexitatea legii r\u0103spunderii \u00een spa\u021biu<a href=\"https:\/\/ortodoxinfo.ro\/2019\/01\/23\/video-angajat-onu-tehnologia-5g-inseamna-razboi-impotriva-umanitatii\/#referinta-cinci\">[5]<\/a>,\u00a0<a href=\"https:\/\/ortodoxinfo.ro\/2019\/01\/23\/video-angajat-onu-tehnologia-5g-inseamna-razboi-impotriva-umanitatii\/#referinta-sase\">[6]<\/a>\u00a0\u2013 a\u0219a \u00eenc\u00e2t nu am gre\u0219i dac\u0103 am numi orbitele din jurul P\u0103m\u00e2ntului drept Vestul S\u0103lbatic. China a provocat consternarea interna\u021bional\u0103 \u00een 2007, c\u00e2nd a demonstrat eficien\u021ba unei arme anti-satelit distrug\u00e2ndu-\u0219i inten\u021bionat unul propriu. Resturile spa\u021biale sunt principala \u00eengrijorare printre \u021b\u0103rile c\u0103l\u0103toare \u00een spa\u021biu, din cauza a\u0219a-numitului sindrom Kessler, care preveste\u0219te o cascad\u0103 de resturi spa\u021biale care ar putea face impracticabile \u00een viitor orbitele din jurul P\u0103m\u00e2ntului<a href=\"https:\/\/ortodoxinfo.ro\/2019\/01\/23\/video-angajat-onu-tehnologia-5g-inseamna-razboi-impotriva-umanitatii\/#referinta-sapte\">[7]<\/a>. \u00cen aceste condi\u021bii, lansarea \u00een spa\u021biu a peste 20.000 de sateli\u021bi comerciali 5G vi se pare un lucru normal?<\/p>\r\n<p style=\"text-align: justify;\">Locuiesc \u00een Viena, Austria, unde t\u0103v\u0103lugul 5G a venit brusc peste noi. \u00cen ultimele cinci s\u0103pt\u0103m\u00e2ni, re\u021bele pre-5G au fost anun\u021bate oficial \u00een aeroportul din Viena \u0219i chiar 5G \u00een Rathenausplatz, principala pia\u021b\u0103 din Viena, care atrage zeci de mii de vizitatori \u00een t\u00e2rgurile organizate aici de Cr\u0103ciun, \u00een decembrie, \u0219i la patinoarele din ianuarie, o atrac\u021bie special\u0103 pentru copii. Al\u0103turi de p\u0103s\u0103ri \u0219i insecte, copiii sunt cei mai vulnerabili \u00een fa\u021ba ravagiilor 5G, din cauza trupurilor lor \u00eenc\u0103 mici<a href=\"https:\/\/ortodoxinfo.ro\/2019\/01\/23\/video-angajat-onu-tehnologia-5g-inseamna-razboi-impotriva-umanitatii\/#referinta-opt\">[8]<\/a>.<\/p>\r\n<p style=\"text-align: justify;\">Prieteni \u0219i cunoscu\u021bi de-ai mei din Viena, \u00eempreun\u0103 cu copiii lor, deja se pl\u00e2ng de simptomele clasice ale otr\u0103virii cu REM<a href=\"https:\/\/ortodoxinfo.ro\/2019\/01\/23\/video-angajat-onu-tehnologia-5g-inseamna-razboi-impotriva-umanitatii\/#referinta-noua\">[9]<\/a>: s\u00e2nger\u0103ri nazale, dureri de cap, dureri de ochi, dureri \u00een piept, grea\u021b\u0103, oboseal\u0103, st\u0103ri de vom\u0103, tinitus (\u021biuit \u00een urechi \u2013 n.tr.), ame\u021beli, simptome asem\u0103n\u0103toare gripei \u0219i dureri cardiace. De asemenea, relateaz\u0103 despre \u201eo band\u0103 str\u00e2ns\u0103 \u00een jurul capului\u201d; presiune deasupra capului; dureri scurte \u0219i \u00een\u021bep\u0103toare prin corp; vibra\u021bii ale organelor interne. Alte efecte biologice, precum tumori sau demen\u021b\u0103 apar dup\u0103 o perioad\u0103 mai \u00eendelungat\u0103 dar, \u00een cazul 5G, care nu a fost niciodat\u0103 testat din punct de vedere al siguran\u021bei pentru s\u0103n\u0103tate, cine \u0219tie?<a href=\"https:\/\/ortodoxinfo.ro\/2019\/01\/23\/video-angajat-onu-tehnologia-5g-inseamna-razboi-impotriva-umanitatii\/#referinta-zece\">[10]<\/a><\/p>\r\n<p style=\"text-align: justify;\">Parc\u0103 peste noapte, o p\u0103dure de infrastructur\u0103 5G a r\u0103s\u0103rit \u00een Austria. \u00cen numai 3 s\u0103pt\u0103m\u00e2ni, o prieten\u0103 de-a mea a trecut de la stadiul de persoan\u0103 cu o s\u0103n\u0103tate robust\u0103 la una care s-a v\u0103zut nevoit\u0103 s\u0103 p\u0103r\u0103seasc\u0103 \u021bara \u00een care a tr\u0103it 30 de ani. Fiecare persoan\u0103 este afectat\u0103 diferit de REM. Pentru ea a fost o adev\u0103rat\u0103 tortur\u0103 a\u0219a c\u0103 ultimele ei dou\u0103 nop\u021bi \u00een Austria le-am petrecut \u00eempreun\u0103 cu ea dormind \u00een p\u0103dure. Interesant, \u00een drumul ei prin sudul Germaniei, starea ei s-a \u00eenr\u0103ut\u0103\u021bit mai mult fa\u021b\u0103 de Austria, \u00een timp ce in nordul Germaniei nu a mai avut simptome \u0219i s-a sim\u021bit complet normal, ceea ce sugereaz\u0103 c\u0103 acolo \u00eenc\u0103 nu a ajuns t\u0103v\u0103lugul 5G.<\/p>\r\n<p style=\"text-align: justify;\">Nu exist\u0103 limit\u0103ri legale la expunerea la radia\u021bii electromagnetice. Convenabil pentru industria telecomunica\u021biilor, exist\u0103 doar\u00a0<em>indica\u021bii<\/em>\u00a0f\u0103r\u0103 putere de constr\u00e2ngere legal\u0103, a\u0219a cum sunt cele produse de pompos-numita Comisie Interna\u021bional\u0103 pentru Protec\u021bia de Radia\u021biile Non-Ionizante (CIPRNI), care s-a dovedit a fi, exact ca Vr\u0103jitorul din Oz, o micu\u021b\u0103 organiza\u021bie non-guvernamental\u0103 din Germania care \u00ee\u0219i nume\u0219te singur\u0103 membrii, niciunul dintre ei nefiind medic sau expert \u00een probleme de mediu<a href=\"https:\/\/ortodoxinfo.ro\/2019\/01\/23\/video-angajat-onu-tehnologia-5g-inseamna-razboi-impotriva-umanitatii\/#referinta-unu-unu\">[11]<\/a>.<\/p>\r\n<p style=\"text-align: justify;\">Exact ca Vr\u0103jitorul din Oz, CIPRNI pare s\u0103 aib\u0103 puteri magice. Prestidigita\u021biile ei fac s\u0103 \u201edispar\u0103\u201d \u00een aer efectele non-termice ale radia\u021biilor electromagnetice, dac\u0103 ne g\u00e2ndim la zecile de mii de studii care demonstreaz\u0103 efectele biologice ale REM \u0219i care invalideaz\u0103 a\u0219a-numitele lor\u00a0<em>indica\u021bii de siguran\u021b\u0103<\/em><a href=\"https:\/\/ortodoxinfo.ro\/2019\/01\/23\/video-angajat-onu-tehnologia-5g-inseamna-razboi-impotriva-umanitatii\/#referinta-unu-doi\">[12]<\/a>. Mai departe, a reu\u0219it s\u0103 vr\u0103jeasc\u0103 \u0219i Uniunea Interna\u021bional\u0103 pentru Telecomunica\u021bii, parte a familiei Na\u021biunilor Unite, s\u0103 recunoasc\u0103 aceste indica\u021bii<a href=\"https:\/\/ortodoxinfo.ro\/2019\/01\/23\/video-angajat-onu-tehnologia-5g-inseamna-razboi-impotriva-umanitatii\/#referinta-unu-trei\">[13]<\/a>. Dar un singur email trimis c\u0103tre CIPRNI \u00een octombrie 2018 cu comentarii ale profesorului Martin Pall privind noul set de indica\u021bii a produs imediat o explozie de interes privind prezen\u021ba on-line a profesorului \u2013 care p\u00e2n\u0103 acum fusese inexistent\u0103 \u2013 din partea firmelor \u0219i persoanelor din \u00eentreaga lume, din partea autorit\u0103\u021bii unei \u021b\u0103ri privind imigra\u021bia, din partea Biroului Cancelarului Austriei, al unei firme de avocatur\u0103 din Viena dar \u0219i din partea Interpolului!!!<a href=\"https:\/\/ortodoxinfo.ro\/2019\/01\/23\/video-angajat-onu-tehnologia-5g-inseamna-razboi-impotriva-umanitatii\/#referinta-unu-patru\">[14]<\/a>,\u00a0<a href=\"https:\/\/ortodoxinfo.ro\/2019\/01\/23\/video-angajat-onu-tehnologia-5g-inseamna-razboi-impotriva-umanitatii\/#referinta-unu-cinci\">[15]<\/a><\/p>\r\n<p style=\"text-align: justify;\">Sper ca \u0219i al\u021bii s\u0103 citeasc\u0103 \u0219i s\u0103 distribuie\u00a0<a href=\"https:\/\/static1.squarespace.com\/static\/5b8dbc1b7c9327d89d9428a4\/t\/5c0ad337f950b7766a640e4d\/1544213310960\/Apel+interna%C5%A3ional+-+Stop+5G+pe+P%C4%83m%C3%A2nt+%C5%9Fi+%C3%AEn+Spa%C5%A3iu.pdf\">Apelul pentru Oprirea 5G \u00een Spa\u021biu<\/a>, s\u0103 se trezeasc\u0103 \u0219i ei \u0219i al\u021bii \u0219i s\u0103 treac\u0103 la ac\u021biune pentru a opri 5G. Chiar \u0219i opt luni de R\u0103zboi Nev\u0103zut 5G pot \u00eensemna o catastrof\u0103 pentru toat\u0103 via\u021ba de pe planet\u0103. Elon Musk este preg\u0103tit s\u0103 lanseze primii 4.425 de sateli\u021bi 5G \u00een iunie 2019 \u0219i s\u0103 \u201eacopere\u201d P\u0103m\u00e2ntul cu radia\u021bii 5G, ignor\u00e2nd nenum\u0103rate tratate interna\u021bionale. Ar putea fi ultima mare extinc\u021bie planetar\u0103, prin grija multi-miliardarei 5G, cel mai mare experiment biologic \u0219i manifesta\u021bia celei mai m\u00e2r\u0219ave m\u00e2ndrii \u0219i l\u0103comii din istoria omenirii.<\/p>\r\n<p style=\"text-align: justify;\">Prima reac\u021bie a oamenilor la ideea c\u0103 5G poate fi o amenin\u021bare la \u00eentreaga via\u021b\u0103 de pe p\u0103m\u00e2nt este de obicei ne\u00eencrederea \u0219i respingerea. Odat\u0103 \u00eens\u0103 ce au examinat mai bine faptele, a doua senza\u021bie este \u00een mod obi\u0219nuit de teroare. Trebuie s\u0103 transcedem acest fapt pentru a putea vedea 5G ca pe o oportunitate de a lua problemele \u00een propriile noastre m\u00e2ini, s\u0103 ne asum\u0103m responsabilitatea \u0219i s\u0103 trecem la ac\u021biune. S-ar putea s\u0103 fi pierdut deja \u00een ultimii 20 de ani peste 80% dintre insectele de pe glob<a href=\"https:\/\/ortodoxinfo.ro\/2019\/01\/23\/video-angajat-onu-tehnologia-5g-inseamna-razboi-impotriva-umanitatii\/#referinta-unu-sase\">[16]<\/a>. Copacii risc\u0103 s\u0103 fie t\u0103ia\u021bi cu milioanele pentru a se putea asigura un semnal 5G continuu pentru ma\u0219inile, autobuzele sau trenurile f\u0103r\u0103 conduc\u0103tor uman<a href=\"https:\/\/ortodoxinfo.ro\/2019\/01\/23\/video-angajat-onu-tehnologia-5g-inseamna-razboi-impotriva-umanitatii\/#referinta-unu-sapte\">[17]<\/a>. Vom r\u0103m\u00e2ne indiferen\u021bi \u0219i vom accepta s\u0103 fim \u0219i noi \u0219i copiii no\u0219tri iradia\u021bi, s\u0103 ne vedem sursele de hran\u0103 decimate \u0219i mediul \u00eenconjur\u0103tor distrus?<\/p>\r\n<p style=\"text-align: justify;\">Ziarele din toat\u0103 lumea popularizeaz\u0103 tot mai mult opinia c\u0103 extinc\u021bia omului s-ar putea s\u0103 fie un lucru bun<a href=\"https:\/\/ortodoxinfo.ro\/2019\/01\/23\/video-angajat-onu-tehnologia-5g-inseamna-razboi-impotriva-umanitatii\/#referinta-unu-opt\">[18]<\/a>,\u00a0<a href=\"https:\/\/ortodoxinfo.ro\/2019\/01\/23\/video-angajat-onu-tehnologia-5g-inseamna-razboi-impotriva-umanitatii\/#referinta-unu-noua\">[19]<\/a>, dar atunci c\u00e2nd problema devine nu una retoric\u0103 ci una real\u0103, c\u00e2nd vine vorba despre\u00a0<em>via\u021ba ta, a copiilor t\u0103i, a comunit\u0103\u021bii tale \u0219i a mediului \u00een care tu tr\u0103ie\u0219ti<\/em>\u00a0\u0219i care sunt amenin\u021bate iminent, mai po\u021bi fi de acord cu o asemenea opinie? Dac\u0103 nu, te rug\u0103m s\u0103 semnezi\u00a0<a href=\"https:\/\/static1.squarespace.com\/static\/5b8dbc1b7c9327d89d9428a4\/t\/5c0ad337f950b7766a640e4d\/1544213310960\/Apel+interna%C5%A3ional+-+Stop+5G+pe+P%C4%83m%C3%A2nt+%C5%9Fi+%C3%AEn+Spa%C5%A3iu.pdf\">Apelul pentru Oprirea 5G<\/a>\u00a0\u0219i s\u0103 te mobilizezi \u00een a contacta pe to\u021bi cei pe care \u00eei cuno\u0219ti \u0219i care ar putea avea puterea s\u0103 opreasc\u0103 tehnologia 5G, mai ales pe Elon Musk<a href=\"https:\/\/ortodoxinfo.ro\/2019\/01\/23\/video-angajat-onu-tehnologia-5g-inseamna-razboi-impotriva-umanitatii\/#referinta-doi-zero\">[20]<\/a>\u00a0dar \u0219i pe pre\u0219edin\u021bii caltor companii care inten\u021bioneaz\u0103 s\u0103 lanseze sateli\u021bi 5G \u00een mai pu\u021bin de 20 de s\u0103pt\u0103m\u00e2ni de acum \u00eenainte. Via\u021ba pe p\u0103m\u00e2nt are nevoie de ajutorul t\u0103u acum!<\/p>\r\n<\/div>\r\n<h3 style=\"text-align: justify;\">Referin\u021be<\/h3>\r\n<p style=\"text-align: justify;\"><a id=\"referinta-unu\"><\/a>[1]Delos, Peter. \u201eThe Way to a New Phased Array Radar Architecture\u201d, Tech Time: Electronics &amp; Technology News, ianuarie 2018. Accesat 1 ianuarie 2019.<a href=\"https:\/\/techtime.news\/2018\/01\/%2015\/analog-devices-phased-array-radar\/\">\u00a0https:\/\/techtime.news\/2018\/01\/ 15\/analog-devices-phased-array-radar\/<\/a>. \u201eDe\u0219i se vorbe\u0219te foarte mult despre radarele auto \u0219i MIMO (intr\u0103ri \u0219i ie\u0219iri multiple), nu ar trebui s\u0103 uit\u0103m c\u0103 ultimele dezvolt\u0103ri \u0219i cercet\u0103ri \u00een domeniu radarelor \u0219i al fasciculelor de radia\u021bii au fost efectuate \u00een domeniul ap\u0103r\u0103rii, acum fiind adaptate \u0219i pentru aplica\u021bii comerciale. \u00cen timp ce lan\u021burile de antene produc\u0103toare de fascicule au trecut de la faza de cercetare la cea de punere \u00eenpractic\u0103 \u00een anii 2000, un nou val de lan\u021buri de generatoare de fascicule este a\u0219teptat s\u0103 apar\u0103 \u00een domeniul militar, pus la punct de tehnologia industrial\u0103 care ofer\u0103 solu\u021bii care \u00eenainte aveau costuri prohibitive\u201d<\/p>\r\n<p style=\"text-align: justify;\"><a id=\"referinta-doi\"><\/a>[2]\u201eM\u0103rturii despre electrosensibilitate\u201d. Noi suntem dovada (WATE). 2018. Accesat pe 1 ianuarie 2019.\u00a0<a href=\"https:\/\/wearetheevidence.org\/adults-who-developed-electro-sensitivity\/\">http:\/\/wearetheevidence.org\/adults-who-developed-electro-sensitivity\/<\/a>\u00a0. WATE (We Are The Evidence, engl. \u2013 Noi Suntem Dovada, n.tr.) inten\u021bioneaz\u0103 s\u0103 expun\u0103 publicului epidemia ascuns\u0103 de \u00eemboln\u0103viri, suferin\u021be \u0219i atentate la drepturile omului create de radia\u021biile tehnologiei wireless; s\u0103 fac\u0103 auzite glasurile celor v\u0103t\u0103ma\u021bi; s\u0103 le apere \u0219i s\u0103 le securizeze drepturile precum \u0219i s\u0103 determine societatea \u0219i guvernele s\u0103 \u00eentreprind\u0103 ac\u021biuni de corec\u021bie \u0219i s\u0103 informeze publicul despre r\u0103ul produs.\u201d<\/p>\r\n<p style=\"text-align: justify;\"><a id=\"referinta-trei\"><\/a>[3]Glaser, Lt. Z. \u201eCumulated Index to the Bibliography of Reported Biological Phenomena (\u2018effects\u2019) and Clinical Manifestations Attributed to Microwave and Radio-frequency Radiation: Report, Supplements (no. 1-9).\u201d\u00a0<em>BEMS Newsletter<\/em>\u00a0B-1 prin B-464 (1984). Accesat la 1 ianuarie 2019.\u00a0<strong><a href=\"https:\/\/www.cellphonetaskforce.org\/wp-content\/uploads\/2018\/06\/Zory-Glasers-index.pdf\">http:\/\/www.cellphonetaskforce.org\/wp-content\/uploads\/2018\/06\/Zory-Glasers-index.pdf<\/a><\/strong>. Lt. Zorach Glaser, PhD, a catalogat 5,083 studii, c\u0103r\u021bi \u0219i rapoarte de la conferin\u021be pentru US Navy \u00eencep\u00e2nd din 1981.<\/p>\r\n<p style=\"text-align: justify;\"><a id=\"referinta-patru\"><\/a>[4]\u201dSpace Sustainability: A Practical Guide.\u201d\u00a0<em>Secure World Foundation<\/em>, 2014, 21. Accesat la 1 ianuarie, 2019.\u00a0<a href=\"https:\/\/swfound.org\/media\/206289\/swf_space_sustainability-a_practical_guide_2018__1.pdf\">https:\/\/swfound.org\/media\/206289\/swf_space_sustainability-a_practical_guide_2018__1.pdf<\/a>. \u201eOricum, pe m\u0103sur\u0103 ce tot mai multe \u021b\u0103ri integreaz\u0103 spa\u021biul \u00een capabilit\u0103\u021bile lor militare iar securitatea lor na\u021bional\u0103 se bazeaz\u0103 tot mai mult pe informa\u021biile vehiculate prin sateli\u021bi, sunt \u0219anse sporite ca orice interferen\u021b\u0103 (real\u0103 sau doar perceput\u0103 a\u0219a) cu sateli\u021bii s\u0103 genereze conflicte \u00een spa\u021biu sau pe P\u0103m\u00e2nt. Acest pericol este amplificat de provocarea de a determina cauza exact\u0103 a func\u021bion\u0103rii defectuoase a unui satelit: fie a fost cauzat\u0103 de un eveniment legat de vremea din spa\u021biu, de impactul cu resturi spa\u021biale, interferen\u021be accidentale sau un act deliberat de agresiune.\u201d<\/p>\r\n<p style=\"text-align: justify;\"><a id=\"referinta-cinci\"><\/a>[5]\u201eRegulile \u00een spa\u021biu: R\u0103spunderea pentru resturile din spa\u021biu\u201d. Panish, Shea &amp; Boyle LLP, 2018. Accesat 1 ianuarie 2019.\u00a0<strong><a href=\"https:\/\/www.aviationdisasterlaw.com\/liability-for-space-debris\/\">https:\/\/www.aviationdisasterlaw.com\/liability-for-space-debris\/<\/a><\/strong><strong>.\u00a0<\/strong>\u201eA intenta un proces \u00eempotriva Space X pentru resturi spa\u021biale e pu\u021bin diferit de unul \u00eempotriva industriei comerciale sau a lans\u0103rilor efectuate de stat. Din moment ce Space X este o companie privat\u0103, p\u0103r\u021bile v\u0103t\u0103mate pot emite preten\u021bii direct de la guvern, \u00een concordan\u021b\u0103 cu legile din statul persoanei v\u0103t\u0103mate. Pentru ca preten\u021biile s\u0103 fie onorate, reclamantul va trebui s\u0103 dovedeasc\u0103 faptul c\u0103 Space X a dat dovad\u0103 de neglijen\u021b\u0103 \u00een vreun fel, cauz\u00e2nd coliziunea cu resturile generate de aceasta. Legile spa\u021biului sunt de notorietate pentru complexitatea lor, \u00een California de exemplu fiind foarte dificil pentru partea v\u0103t\u0103mat\u0103 s\u0103-\u0219i recupereze pagubele\u201d.<\/p>\r\n<p style=\"text-align: justify;\"><a id=\"referinta-sase\"><\/a>[6]Von Der Dunk, Frans G. \u201eR\u0103spundere versus Reponsabilitate \u00een Legile Spa\u021biului: Ne\u00een\u021belegere sau Nep\u0103sare?\u201d University of Nebraska-Lincoln College of Law: Space, Cyber, and Telecommunications Law Program Faculty Publications 21 (1992). Accesat la 1 ianuarie, 2019.\u00a0<strong><a href=\"https:\/\/digitalcommons.unl.edu\/spacelaw\/21\/?utm_source=digitalcommons.unl.edu\/spacelaw\/21&amp;utm_medium=PDF&amp;utm_campaign=PDFCoverPages\">http:\/\/digitalcommons.unl.edu\/spacelaw\/21\/?utm_source=digitalcommons.unl.edu\/spacelaw\/21&amp;utm_medium=PDF&amp;utm_campaign=PDFCoverPages<\/a><\/strong>.<\/p>\r\n<p style=\"text-align: justify;\"><a id=\"referinta-sapte\"><\/a>[7]Kessler, D. J., P. M. Landry, B. G. Cour-Palais, and R. E. Taylor. \u201eAerospace: Collision Avoidance in Space: Proliferating Payloads and Space Debris Prompt Action to Prevent Accidents.\u201d\u00a0<em>IEEE Spectrum<\/em>\u00a017, no. 6 (1980): 37-41.<\/p>\r\n<p style=\"text-align: justify;\"><a id=\"referinta-opt\"><\/a>[8]Morgan, L. Lloyd, Santosh Kesari, and Devra Lee Davis. \u201eDe ce copiii absorb mai multe radia\u021bii dec\u00e2t adul\u021bii: consecin\u021bele\u201d\u00a0<em>Journal of Microscopy and Ultrastructure<\/em>\u00a02, no. 4 (December 2014): 197-204. Accesat la 1 ianuarie, 2019.\u00a0<strong><a href=\"https:\/\/www.sciencedirect.com\/science\/article\/pii\/S2213879X14000583\">https:\/\/www.sciencedirect.com\/ science\/article\/pii\/S2213879X14000583<\/a><\/strong>. Sublinieri: (1) Copiii absorb o cantitate mai mare de microunde dec\u00e2t adul\u021bii; (2) Microundele sunt posibili agen\u021bi carcinogeni de clasa 2B. (3) Radia\u021biile cu microunde sunt mai periculoase pentru fetu\u0219i dec\u00e2t pentru copii (4) Limita legal\u0103 de expunere la asemenea radia\u021bii a r\u0103mas neschimbat\u0103 de decenii (5) Avertiz\u0103rile din bro\u0219urile telefoanelor mobile \u0219i regula celor 20 cm pentru tablete \u0219i laptopuri violeaz\u0103 regulile privind \u201epozi\u021bia de operare normal\u0103\u201d.<\/p>\r\n<p style=\"text-align: justify;\"><a id=\"referinta-noua\"><\/a>[9]<em>Electro-Hipersensibilitatea: Vorbind cu Doctorul T\u0103u<\/em>. PDF. Ini\u021biativa Canadian\u0103 pentru Oprirea Polu\u0103rii Electrice, Electromagnetice \u0219i Wireless.\u00a0<a href=\"https:\/\/weepinitiative.org\/talkingtoyourdoctor.pdf\">http:\/\/weepinitiative.org\/talkingtoyourdoctor.pdf<\/a><\/p>\r\n<p style=\"text-align: justify;\"><a id=\"referinta-zece\"><\/a>[10]<em>Pre\u0219edintele Comisiei Federale pentru Comunica\u021bii din SUA despre tehnologia 5G: \u201cNu o vom studia, nu o vom reglementa, nu vom stabili standarde pentru ea\u201d<\/em>\u00a0Youtube. 20 iunie, 2016. Accesat la 1 ianuarie, 2019.\u00a0<strong><a href=\"https:\/\/www.youtube.com\/watch?v=Bwgwe01SIMc\">www.youtube.com\/watch?v=Bwgwe01SIMc<\/a><\/strong>. Sublinieri \u00een videoclip: Radia\u021bii de ultra-\u00eenalt\u0103 frecven\u021b\u0103 (24 p\u00e2n\u0103 la 100 GHz sau mai mult); semnalele amplificate \u0219i direc\u021bionate; instalarea masiv\u0103 de turnuri de antene; valori de miliarde; nu exist\u0103 standarde, nu au fost f\u0103cute teste; vor fi folosi\u021bi la comun sateli\u021bii militari; toate zonele (inclusiv cele rurale) s\u0103 fie saturate cu radia\u021bii; toate instal\u0103rile locale s\u0103 fie efectuate rapid; totul s\u0103 fie microcipat.<\/p>\r\n<p style=\"text-align: justify;\"><a id=\"referinta-unu-unu\"><\/a>[11]Dariusz Leszczynski, Dr. \u201d Prezint\u0103 oare CIPRNI destul\u0103 \u00eencredere pentru a dicta metode \u0219tiin\u021bifice legiutorilor guvernamentali\u201d?\u00a0<em>Between a Rock and a Hard Place<\/em>\u00a0(blog), April 8, 2018. Accesat la 2 ianuarie, 2019.\u00a0<strong><a href=\"https:\/\/betweenrockandhardplace.wordpress.com\/type\/gallery\/\">https:\/\/betweenrockandhardplace.wordpress.com\/type\/gallery\/<\/a><\/strong>. \u201eCele mai mari probleme ale CIPRNI sunt: (1) sunt un \u201eclub privat\u201d \u00een care membrii existen\u021bi aleg al\u021bi membrii f\u0103r\u0103 a trebui s\u0103-\u0219i justifice alegerea; (2) lipsa de reprezentare \u00een fa\u021ba oricui; (3) lipsa transparen\u021bei activit\u0103\u021bilor sale; (4) lipsa complet\u0103 a supravegherii activit\u0103\u021bii sale; (5) evalu\u0103ri \u0219tiin\u021bifice \u00eendoielnice din cauza asem\u0103n\u0103rii p\u0103rerilor tuturor membrilor Comisiei Principale \u0219i al tuturor celorlal\u021bi savan\u021bi selecta\u021bi drept consilieri ai Comisiei Principale\u201d<\/p>\r\n<p style=\"text-align: justify;\"><a id=\"referinta-unu-doi\"><\/a>[12]Matthes, R\u00fcdiger. \u201eIndica\u021bii privind siguran\u021ba c\u00e2mpurilor electromagnetice: viziunea CIPRNI.\u201d\u00a0<em>Conferin\u021ba Uniunii Interna\u021bionale a Telecomunica\u021biilor (ITU) privind Expunerea Uman\u0103 la C\u00e2mpurile Electromagnetice<\/em>, 9 mai 2013. Accesat la 1 ianuarie, 2019.\u00a0<strong><a href=\"https:\/\/www.itu.int\/en\/ITU-T\/climatechange\/emf-1305\/Documents\/Presentations\/s2part1p1-RuedigerMatthes.pdf\">https:\/\/www.itu.int\/en\/ITU-T\/climatechange\/emf-1305\/Documents\/Presentations\/s2part1p1-RuedigerMatthes.pdf<\/a><\/strong><\/p>\r\n<p style=\"text-align: justify;\"><a id=\"referinta-unu-trei\"><\/a>[13]Grupul 2 de Studiu, Sectorul de Dezvoltare al Telecomunica\u021biilor din cadrul ITU:\u00a0<strong>Sesiunea privind politicile moderne, liniile directoare, reglement\u0103rile \u0219i evalu\u0103rile expunerii umane la radio-frecven\u021be \u0219i c\u00e2mpuri electromagnetice.\u00a0<\/strong><em>Sesiunea 1: Activit\u0103\u021bi recente ale ITU \u0219i CIPRNI privind expunerea uman\u0103 la radio-frecven\u021be \u0219i c\u00e2mpuri electromagnetice<\/em>, Geneva, Elve\u021bia. 10 octombrie, 2018. Accesat 2 ianuarie, 2019.\u00a0\u00a0<strong><a href=\"https:\/\/www.itu.int\/en\/ITU-D\/Study-Groups\/2018-2021\/Pages\/%20meetings\/session-Q7-2-oct18.aspx\">www.itu.int\/en\/ITU-D\/Study-Groups\/2018-2021\/Pages\/ meetings\/session-Q7-2-oct18.aspx<\/a><\/strong>. \u201eSesiunea 1 va pune \u00een discu\u021bie unele dintre activit\u0103\u021bile recente desf\u0103\u0219urate la ITU \u0219i va descrie ultimele actualiz\u0103ri ale liniilor directoare ale CIPRNI\u201d<\/p>\r\n<p style=\"text-align: justify;\"><a id=\"referinta-unu-patru\"><\/a>[14]Martin L. Pall, Prof. Dr. Em. de biochimie \u0219i \u0219tiin\u021be medicale de baz\u0103, Washington State University.\u00a0<em>R\u0103spuns la Schi\u021ba Liniilor Directoare \u0219i a Anexelor privind Limitarea Expunerii la C\u00e2mpuri Electromagnetice, Magnetice \u0219i Electrice Variabile \u00een Timp (100 KHz p\u00e2n\u0103 la 300 GHz)<\/em>. 8 octombrie, 2018. Accesat la 2 ianuarie, 2019.\u00a0<strong><a href=\"https:\/\/www.5gexposed.com\/wp-content\/uploads\/2018\/10\/FINAL-Martin-L-Pall-Response-to-2018-Draft-Guidelines-8.10.18.pdf\">www.5gexposed.com\/wp-content\/uploads\/2018\/10\/FINAL-Martin-L-Pall-Response-to-2018-Draft-Guidelines-8.10.18.pdf<\/a><\/strong>.<\/p>\r\n<p style=\"text-align: justify;\"><a id=\"referinta-unu-cinci\"><\/a>[15]Acordul de Cooperare dintre INTERPOL \u0219i ITU. Conferin\u021ba Plenipoten\u021biar\u0103 (PP-18), Dubai, 29 Octombrie \u2013 16 Noiembrie, 2018. Accesat 2 ianuarie, 2019.\u00a0<strong><a href=\"https:\/\/www.itu.int\/dms_pub\/itu-s\/md\/18\/pp\/c\/S18-PP-C-0047!!MSW-E.docx\">https:\/\/www.itu.int\/dms_pub\/itu-s\/md\/18\/pp\/c\/S18-PP-C-0047!!MSW-E.docx<\/a><\/strong>. \u201e2. Pentru implementarea Acordului, fiecare Parte va ac\u021biona \u00een propria arie de competen\u021b\u0103. Mai exact, implementarea Acordului de c\u0103tre ITU nu va exceda mandatului acesteia de a p\u0103stra \u00eencrederea \u0219i securitatea folosirii tehnologiilor de comunica\u021bii \u0219i informatice, \u00een concordan\u021b\u0103 cu Rezolu\u021bia 130 a Conferin\u021bei Plenipoten\u021biare (Busan, Coreea de Sud, 2014) \u0219i rolului s\u0103u de protec\u021bie a copiilor \u00een mediul on-line, conform Rezolu\u021biei 179 a Conferin\u021bei Plenipoten\u021biare (Busan, Coreea de Sud, 2014), la fel cum implementarea acestui Acord de c\u0103tre INTERPOL\u00a0<em>nu va exceda mandatului acesteia definit de Art. 2 al Constitu\u021biei sale \u0219i care include activit\u0103\u021bi referitoare la criminalitatea cibernetic\u0103 \u0219i exploatarea on-line a copiilor<\/em>.<\/p>\r\n<p style=\"text-align: justify;\"><a id=\"referinta-unu-sase\"><\/a>[16]Hallmann C.A., M. Sorg and E. Jongejans. \u201cSc\u0103dere cu 75% \u00een ultimii 27 de ani a biomasei de insecte \u00een zonele protejate.\u201d\u00a0PLOS One 12, no. 10\u00a0(2017): e0185809.\u00a0\u00a0<strong><a href=\"https:\/\/journals.plos.org\/plosone\/article\/file?id=10.1371\/journal.pone.0185809&amp;type=printable\">http:\/\/journals.plos.org\/plosone\/article\/file?id=10.1371\/journal.pone.0185809&amp;type=printable<\/a><\/strong>. Accesat la 1 ianuarie, 2019.<\/p>\r\n<p style=\"text-align: justify;\"><a id=\"referinta-unu-sapte\"><\/a>[17]Laville, Sandra. \u201eMilioane de copaci risc\u0103 s\u0103 fie defri\u0219a\u021bi \u00eentr-un program secret de construc\u021bie a unei re\u021bele de cale ferat\u0103\u201d\u00a0<em>The Guardian<\/em>, April 29, 2018. Accesat la 1 ianuarie, 2019.\u00a0\u00a0<strong><a href=\"https:\/\/www.theguardian.com\/business\/2018\/%20apr\/29\/millions-of-trees-at-risk-in-secretive-network-rail-felling-programme\">https:\/\/www.theguardian.com\/business\/2018\/ apr\/29\/millions-of-trees-at-risk-in-secretive-network-rail-felling-programme<\/a><\/strong>.<\/p>\r\n<p style=\"text-align: justify;\"><a id=\"referinta-unu-opt\"><\/a>[18]May, Todd. \u201eOare dispari\u021bia omului ar fi o tragedie?\u201d\u00a0<em>The New York Times<\/em>, December 17, 2018. Accesat la 1 ianuarie, 2019.\u00a0\u00a0<strong><a href=\"https:\/\/www.nytimes.com\/2018\/12\/17\/opinion\/human-extinction-climate-change.html\">https:\/\/www.nytimes.com\/2018\/12\/17\/opinion\/human-extinction-climate-change.html<\/a><\/strong>.<\/p>\r\n<p style=\"text-align: justify;\"><a id=\"referinta-unu-noua\"><\/a>[19]Davis, Nicola. \u201eExper\u021bii \u00een demografie spun c\u0103 sc\u0103derea fertilit\u0103\u021bii este binevenit\u0103; ratele \u00een sc\u0103dere ale na\u0219terilor ar trebui s\u0103 fie un motiv de bucurie, nu un semnal de alarm\u0103.\u201d\u00a0<em>The Guardian<\/em>, December 26, 2018. Accesat la 3 ianuarie, 2019.\u00a0\u00a0<strong><a href=\"https:\/\/www.theguardian.com\/world\/2018\/dec\/26\/falling-total-fertility-rate-should-be-welcomed-population-expert-says\">www.theguardian.com\/world\/2018\/dec\/26\/falling-total-fertility-rate-should-be-welcomed-population-expert-says<\/a><\/strong>.<\/p>\r\n<p style=\"text-align: justify;\"><a id=\"referinta-doi-zero\"><\/a>[20]<em>\u201ePlaneta P\u0103m\u00e2nt: Radia\u021bii 5G la nivel global depe orbit\u0103?\u201d<\/em>\u00a0Scrisoare de la Claus Scheingraber, Roland Wolff \u0219i al\u021bii c\u0103tre Elon Musk. 18 iunie, 2018, Brunnthal, Germania.\u00a0<em>\u201e\u2026 Suntem siguri c\u0103 proiectul Dumneavoastr\u0103 privind sateli\u021bii este \u00eentr-o faz\u0103 avansat\u0103. Indiferent \u00eens\u0103 c\u00e2\u021bi bani ar fi fost investi\u021bi, cineva ar trebui s\u0103 ia \u00een considerare c\u0103 este doar o problem\u0103 de timp p\u00e2n\u0103 c\u00e2nd poten\u021bialul d\u0103un\u0103tor pentru s\u0103n\u0103tate al comunica\u021biilor mobile \u2013 \u0219i \u00een special al comunica\u021biilor mobile 5G \u2013 nu vor mai putea fi trecute cu vederea. Din acest motiv, v\u0103 recomand\u0103m cu empatie s\u0103 nu implementa\u021bi acest proiect.<\/em>\u00a0(<strong><a href=\"https:\/\/www.elektrobiologie.de\/wp-content\/uploads\/Musk-Brief-deutsch-OK.pdf\">Scrisoarea \u00een limba german\u0103<\/a><\/strong>) (<strong><a href=\"https:\/\/www.elektrobiologie.de\/wp-content\/uploads\/Musk-Brief-englisch-OK.pdf\">Scrisoarea \u00een limba englez\u0103<\/a><\/strong>)<\/p>\r\n<div dir=\"auto\">\r\n<p style=\"text-align: justify;\">\u00a0<\/p>\r\n<\/div>","protected":false},"excerpt":{"rendered":"<p>\u00a0 Pentru cei care au citit articolele pe care le publicam pe siteul Protec\u021bie-electromagnetica.ro in ultimii ani, aceste vesti nu sunt o surpriza si nici o problema insurmontabila. Ca este vorba de 4, 5 sau 15G problema nu tine de intensitate ci de modul de transmisie pulsat\u00a0care creeaz\u0103 un efect stroboscopic la nivel celular (pic\u0103tura [&hellip;]<\/p>\n","protected":false},"author":2,"featured_media":0,"comment_status":"closed","ping_status":"open","sticky":false,"template":"","format":"standard","meta":{"footnotes":""},"categories":[5],"tags":[9,40,62,67,68,69],"class_list":["post-4386","post","type-post","status-publish","format-standard","hentry","category-poluarea-electromagnetica","tag-5g","tag-gsm","tag-protectie","tag-telefon-mobil","tag-wi-fi","tag-wifi"],"yoast_head":"<!-- This site is optimized with the Yoast SEO plugin v27.5 - https:\/\/yoast.com\/product\/yoast-seo-wordpress\/ -->\n<title>Angajat ONU: Tehnologia 5G inseamna razboi impotriva umanitatii - Protec\u021bie electromagnetic\u0103<\/title>\n<meta name=\"robots\" content=\"index, follow, max-snippet:-1, max-image-preview:large, max-video-preview:-1\" \/>\n<link rel=\"canonical\" href=\"https:\/\/protectie-electromagnetica.ro\/cmo\/tehnologia-5g-inseamna-razboi-impotriva-umanitatii\/\" \/>\n<meta property=\"og:locale\" content=\"ro_RO\" \/>\n<meta property=\"og:type\" content=\"article\" \/>\n<meta property=\"og:title\" content=\"Angajat ONU: Tehnologia 5G inseamna razboi impotriva umanitatii - Protec\u021bie electromagnetic\u0103\" \/>\n<meta property=\"og:description\" content=\"\u00a0 Pentru cei care au citit articolele pe care le publicam pe siteul Protec\u021bie-electromagnetica.ro in ultimii ani, aceste vesti nu sunt o surpriza si nici o problema insurmontabila. Ca este vorba de 4, 5 sau 15G problema nu tine de intensitate ci de modul de transmisie pulsat\u00a0care creeaz\u0103 un efect stroboscopic la nivel celular (pic\u0103tura [&hellip;]\" \/>\n<meta property=\"og:url\" content=\"https:\/\/protectie-electromagnetica.ro\/cmo\/tehnologia-5g-inseamna-razboi-impotriva-umanitatii\/\" \/>\n<meta property=\"og:site_name\" content=\"Protec\u021bie electromagnetic\u0103\" \/>\n<meta property=\"article:publisher\" content=\"https:\/\/www.facebook.com\/bioscem\/\" \/>\n<meta property=\"article:published_time\" content=\"2019-01-25T11:15:34+00:00\" \/>\n<meta property=\"article:modified_time\" content=\"2019-07-14T09:29:53+00:00\" \/>\n<meta name=\"author\" content=\"Adrian Vornicu\" \/>\n<meta name=\"twitter:card\" content=\"summary_large_image\" \/>\n<meta name=\"twitter:label1\" content=\"Scris de\" \/>\n\t<meta name=\"twitter:data1\" content=\"Adrian Vornicu\" \/>\n\t<meta name=\"twitter:label2\" content=\"Timp estimat pentru citire\" \/>\n\t<meta name=\"twitter:data2\" content=\"18 minute\" \/>\n<script type=\"application\/ld+json\" class=\"yoast-schema-graph\">{\"@context\":\"https:\\\/\\\/schema.org\",\"@graph\":[{\"@type\":\"Article\",\"@id\":\"https:\\\/\\\/protectie-electromagnetica.ro\\\/cmo\\\/tehnologia-5g-inseamna-razboi-impotriva-umanitatii\\\/#article\",\"isPartOf\":{\"@id\":\"https:\\\/\\\/protectie-electromagnetica.ro\\\/cmo\\\/tehnologia-5g-inseamna-razboi-impotriva-umanitatii\\\/\"},\"author\":{\"name\":\"Adrian Vornicu\",\"@id\":\"https:\\\/\\\/protectie-electromagnetica.ro\\\/cmo\\\/#\\\/schema\\\/person\\\/e87d8239ab11ab9657b4b7dcdd4f5c62\"},\"headline\":\"Angajat ONU: Tehnologia 5G inseamna razboi impotriva umanitatii\",\"datePublished\":\"2019-01-25T11:15:34+00:00\",\"dateModified\":\"2019-07-14T09:29:53+00:00\",\"mainEntityOfPage\":{\"@id\":\"https:\\\/\\\/protectie-electromagnetica.ro\\\/cmo\\\/tehnologia-5g-inseamna-razboi-impotriva-umanitatii\\\/\"},\"wordCount\":3528,\"keywords\":[\"5G\",\"GSM\",\"PROTECTIE\",\"Telefon mobil\",\"Wi-Fi\",\"WiFi\"],\"articleSection\":[\"Poluarea Electromagnetic\u0103\"],\"inLanguage\":\"ro-RO\"},{\"@type\":\"WebPage\",\"@id\":\"https:\\\/\\\/protectie-electromagnetica.ro\\\/cmo\\\/tehnologia-5g-inseamna-razboi-impotriva-umanitatii\\\/\",\"url\":\"https:\\\/\\\/protectie-electromagnetica.ro\\\/cmo\\\/tehnologia-5g-inseamna-razboi-impotriva-umanitatii\\\/\",\"name\":\"Angajat ONU: Tehnologia 5G inseamna razboi impotriva umanitatii - Protec\u021bie electromagnetic\u0103\",\"isPartOf\":{\"@id\":\"https:\\\/\\\/protectie-electromagnetica.ro\\\/cmo\\\/#website\"},\"datePublished\":\"2019-01-25T11:15:34+00:00\",\"dateModified\":\"2019-07-14T09:29:53+00:00\",\"author\":{\"@id\":\"https:\\\/\\\/protectie-electromagnetica.ro\\\/cmo\\\/#\\\/schema\\\/person\\\/e87d8239ab11ab9657b4b7dcdd4f5c62\"},\"breadcrumb\":{\"@id\":\"https:\\\/\\\/protectie-electromagnetica.ro\\\/cmo\\\/tehnologia-5g-inseamna-razboi-impotriva-umanitatii\\\/#breadcrumb\"},\"inLanguage\":\"ro-RO\",\"potentialAction\":[{\"@type\":\"ReadAction\",\"target\":[\"https:\\\/\\\/protectie-electromagnetica.ro\\\/cmo\\\/tehnologia-5g-inseamna-razboi-impotriva-umanitatii\\\/\"]}]},{\"@type\":\"BreadcrumbList\",\"@id\":\"https:\\\/\\\/protectie-electromagnetica.ro\\\/cmo\\\/tehnologia-5g-inseamna-razboi-impotriva-umanitatii\\\/#breadcrumb\",\"itemListElement\":[{\"@type\":\"ListItem\",\"position\":1,\"name\":\"Prima pagin\u0103\",\"item\":\"https:\\\/\\\/protectie-electromagnetica.ro\\\/cmo\\\/\"},{\"@type\":\"ListItem\",\"position\":2,\"name\":\"Angajat ONU: Tehnologia 5G inseamna razboi impotriva umanitatii\"}]},{\"@type\":\"WebSite\",\"@id\":\"https:\\\/\\\/protectie-electromagnetica.ro\\\/cmo\\\/#website\",\"url\":\"https:\\\/\\\/protectie-electromagnetica.ro\\\/cmo\\\/\",\"name\":\"Protec\u021bie electromagnetic\u0103\",\"description\":\"Protectie Electromagnetica cu dispozitive bio-compatibile CMO (Oscilator Magnetic de Compensare) cu validare stiintifica\",\"potentialAction\":[{\"@type\":\"SearchAction\",\"target\":{\"@type\":\"EntryPoint\",\"urlTemplate\":\"https:\\\/\\\/protectie-electromagnetica.ro\\\/cmo\\\/?s={search_term_string}\"},\"query-input\":{\"@type\":\"PropertyValueSpecification\",\"valueRequired\":true,\"valueName\":\"search_term_string\"}}],\"inLanguage\":\"ro-RO\"},{\"@type\":\"Person\",\"@id\":\"https:\\\/\\\/protectie-electromagnetica.ro\\\/cmo\\\/#\\\/schema\\\/person\\\/e87d8239ab11ab9657b4b7dcdd4f5c62\",\"name\":\"Adrian Vornicu\",\"url\":\"https:\\\/\\\/protectie-electromagnetica.ro\\\/cmo\\\/author\\\/darius\\\/\"}]}<\/script>\n<!-- \/ Yoast SEO plugin. -->","yoast_head_json":{"title":"Angajat ONU: Tehnologia 5G inseamna razboi impotriva umanitatii - Protec\u021bie electromagnetic\u0103","robots":{"index":"index","follow":"follow","max-snippet":"max-snippet:-1","max-image-preview":"max-image-preview:large","max-video-preview":"max-video-preview:-1"},"canonical":"https:\/\/protectie-electromagnetica.ro\/cmo\/tehnologia-5g-inseamna-razboi-impotriva-umanitatii\/","og_locale":"ro_RO","og_type":"article","og_title":"Angajat ONU: Tehnologia 5G inseamna razboi impotriva umanitatii - Protec\u021bie electromagnetic\u0103","og_description":"\u00a0 Pentru cei care au citit articolele pe care le publicam pe siteul Protec\u021bie-electromagnetica.ro in ultimii ani, aceste vesti nu sunt o surpriza si nici o problema insurmontabila. Ca este vorba de 4, 5 sau 15G problema nu tine de intensitate ci de modul de transmisie pulsat\u00a0care creeaz\u0103 un efect stroboscopic la nivel celular (pic\u0103tura [&hellip;]","og_url":"https:\/\/protectie-electromagnetica.ro\/cmo\/tehnologia-5g-inseamna-razboi-impotriva-umanitatii\/","og_site_name":"Protec\u021bie electromagnetic\u0103","article_publisher":"https:\/\/www.facebook.com\/bioscem\/","article_published_time":"2019-01-25T11:15:34+00:00","article_modified_time":"2019-07-14T09:29:53+00:00","author":"Adrian Vornicu","twitter_card":"summary_large_image","twitter_misc":{"Scris de":"Adrian Vornicu","Timp estimat pentru citire":"18 minute"},"schema":{"@context":"https:\/\/schema.org","@graph":[{"@type":"Article","@id":"https:\/\/protectie-electromagnetica.ro\/cmo\/tehnologia-5g-inseamna-razboi-impotriva-umanitatii\/#article","isPartOf":{"@id":"https:\/\/protectie-electromagnetica.ro\/cmo\/tehnologia-5g-inseamna-razboi-impotriva-umanitatii\/"},"author":{"name":"Adrian Vornicu","@id":"https:\/\/protectie-electromagnetica.ro\/cmo\/#\/schema\/person\/e87d8239ab11ab9657b4b7dcdd4f5c62"},"headline":"Angajat ONU: Tehnologia 5G inseamna razboi impotriva umanitatii","datePublished":"2019-01-25T11:15:34+00:00","dateModified":"2019-07-14T09:29:53+00:00","mainEntityOfPage":{"@id":"https:\/\/protectie-electromagnetica.ro\/cmo\/tehnologia-5g-inseamna-razboi-impotriva-umanitatii\/"},"wordCount":3528,"keywords":["5G","GSM","PROTECTIE","Telefon mobil","Wi-Fi","WiFi"],"articleSection":["Poluarea Electromagnetic\u0103"],"inLanguage":"ro-RO"},{"@type":"WebPage","@id":"https:\/\/protectie-electromagnetica.ro\/cmo\/tehnologia-5g-inseamna-razboi-impotriva-umanitatii\/","url":"https:\/\/protectie-electromagnetica.ro\/cmo\/tehnologia-5g-inseamna-razboi-impotriva-umanitatii\/","name":"Angajat ONU: Tehnologia 5G inseamna razboi impotriva umanitatii - Protec\u021bie electromagnetic\u0103","isPartOf":{"@id":"https:\/\/protectie-electromagnetica.ro\/cmo\/#website"},"datePublished":"2019-01-25T11:15:34+00:00","dateModified":"2019-07-14T09:29:53+00:00","author":{"@id":"https:\/\/protectie-electromagnetica.ro\/cmo\/#\/schema\/person\/e87d8239ab11ab9657b4b7dcdd4f5c62"},"breadcrumb":{"@id":"https:\/\/protectie-electromagnetica.ro\/cmo\/tehnologia-5g-inseamna-razboi-impotriva-umanitatii\/#breadcrumb"},"inLanguage":"ro-RO","potentialAction":[{"@type":"ReadAction","target":["https:\/\/protectie-electromagnetica.ro\/cmo\/tehnologia-5g-inseamna-razboi-impotriva-umanitatii\/"]}]},{"@type":"BreadcrumbList","@id":"https:\/\/protectie-electromagnetica.ro\/cmo\/tehnologia-5g-inseamna-razboi-impotriva-umanitatii\/#breadcrumb","itemListElement":[{"@type":"ListItem","position":1,"name":"Prima pagin\u0103","item":"https:\/\/protectie-electromagnetica.ro\/cmo\/"},{"@type":"ListItem","position":2,"name":"Angajat ONU: Tehnologia 5G inseamna razboi impotriva umanitatii"}]},{"@type":"WebSite","@id":"https:\/\/protectie-electromagnetica.ro\/cmo\/#website","url":"https:\/\/protectie-electromagnetica.ro\/cmo\/","name":"Protec\u021bie electromagnetic\u0103","description":"Protectie Electromagnetica cu dispozitive bio-compatibile CMO (Oscilator Magnetic de Compensare) cu validare stiintifica","potentialAction":[{"@type":"SearchAction","target":{"@type":"EntryPoint","urlTemplate":"https:\/\/protectie-electromagnetica.ro\/cmo\/?s={search_term_string}"},"query-input":{"@type":"PropertyValueSpecification","valueRequired":true,"valueName":"search_term_string"}}],"inLanguage":"ro-RO"},{"@type":"Person","@id":"https:\/\/protectie-electromagnetica.ro\/cmo\/#\/schema\/person\/e87d8239ab11ab9657b4b7dcdd4f5c62","name":"Adrian Vornicu","url":"https:\/\/protectie-electromagnetica.ro\/cmo\/author\/darius\/"}]}},"_links":{"self":[{"href":"https:\/\/protectie-electromagnetica.ro\/cmo\/wp-json\/wp\/v2\/posts\/4386","targetHints":{"allow":["GET"]}}],"collection":[{"href":"https:\/\/protectie-electromagnetica.ro\/cmo\/wp-json\/wp\/v2\/posts"}],"about":[{"href":"https:\/\/protectie-electromagnetica.ro\/cmo\/wp-json\/wp\/v2\/types\/post"}],"author":[{"embeddable":true,"href":"https:\/\/protectie-electromagnetica.ro\/cmo\/wp-json\/wp\/v2\/users\/2"}],"replies":[{"embeddable":true,"href":"https:\/\/protectie-electromagnetica.ro\/cmo\/wp-json\/wp\/v2\/comments?post=4386"}],"version-history":[{"count":2,"href":"https:\/\/protectie-electromagnetica.ro\/cmo\/wp-json\/wp\/v2\/posts\/4386\/revisions"}],"predecessor-version":[{"id":5153,"href":"https:\/\/protectie-electromagnetica.ro\/cmo\/wp-json\/wp\/v2\/posts\/4386\/revisions\/5153"}],"wp:attachment":[{"href":"https:\/\/protectie-electromagnetica.ro\/cmo\/wp-json\/wp\/v2\/media?parent=4386"}],"wp:term":[{"taxonomy":"category","embeddable":true,"href":"https:\/\/protectie-electromagnetica.ro\/cmo\/wp-json\/wp\/v2\/categories?post=4386"},{"taxonomy":"post_tag","embeddable":true,"href":"https:\/\/protectie-electromagnetica.ro\/cmo\/wp-json\/wp\/v2\/tags?post=4386"}],"curies":[{"name":"wp","href":"https:\/\/api.w.org\/{rel}","templated":true}]}}